{"id":176916,"date":"2023-06-22T20:13:00","date_gmt":"2023-06-22T20:13:00","guid":{"rendered":"http:\/\/radiofenix.com.ar\/quienes-son-los-nominados-a-los-premios-martin-fierro-2023\/"},"modified":"2023-06-22T20:13:00","modified_gmt":"2023-06-22T20:13:00","slug":"quienes-son-los-nominados-a-los-premios-martin-fierro-2023","status":"publish","type":"post","link":"https:\/\/radiofenix.com.ar\/2023\/quienes-son-los-nominados-a-los-premios-martin-fierro-2023\/","title":{"rendered":"Qui\u00e9nes son los nominados a los Premios Mart\u00edn Fierro 2023"},"content":{"rendered":"<p>Los galardones de la\u00a0Asociaci\u00f3n de Periodistas de Televisi\u00f3n y Radiofonon\u00eda Argentina ser\u00e1n entregados en la ceremonia que se llevar\u00e1 a cabo el 9\u00a0 de julio.Los galardones de la\u00a0Asociaci\u00f3n de Periodistas de Televisi\u00f3n y Radiofonon\u00eda Argentina ser\u00e1n entregados en la ceremonia que se llevar\u00e1 a cabo el 9\u00a0 de julio.<\/p>\n","protected":false},"excerpt":{"rendered":"<p>Los galardones de la\u00a0Asociaci\u00f3n de Periodistas de Televisi\u00f3n y Radiofonon\u00eda Argentina ser\u00e1n entregados en la&#8230;<\/p>\n","protected":false},"author":2,"featured_media":176917,"comment_status":"open","ping_status":"open","sticky":false,"template":"","format":"standard","meta":{"footnotes":""},"categories":[4],"tags":[],"class_list":["post-176916","post","type-post","status-publish","format-standard","has-post-thumbnail","hentry","category-espectaculos"],"featured_image_urls":{"full":"","thumbnail":"","medium":"","medium_large":"","large":"","1536x1536":"","2048x2048":"","newsium-slider-full":"","newsium-featured":"","newsium-medium":""},"author_info":{"info":["c1500921"]},"category_info":"<a href=\"https:\/\/radiofenix.com.ar\/2023\/category\/espectaculos\/\" rel=\"category tag\">Espectaculos<\/a>","tag_info":"Espectaculos","comment_count":"0","_links":{"self":[{"href":"https:\/\/radiofenix.com.ar\/2023\/wp-json\/wp\/v2\/posts\/176916","targetHints":{"allow":["GET"]}}],"collection":[{"href":"https:\/\/radiofenix.com.ar\/2023\/wp-json\/wp\/v2\/posts"}],"about":[{"href":"https:\/\/radiofenix.com.ar\/2023\/wp-json\/wp\/v2\/types\/post"}],"author":[{"embeddable":true,"href":"https:\/\/radiofenix.com.ar\/2023\/wp-json\/wp\/v2\/users\/2"}],"replies":[{"embeddable":true,"href":"https:\/\/radiofenix.com.ar\/2023\/wp-json\/wp\/v2\/comments?post=176916"}],"version-history":[{"count":0,"href":"https:\/\/radiofenix.com.ar\/2023\/wp-json\/wp\/v2\/posts\/176916\/revisions"}],"wp:featuredmedia":[{"embeddable":true,"href":"https:\/\/radiofenix.com.ar\/2023\/wp-json\/"}],"wp:attachment":[{"href":"https:\/\/radiofenix.com.ar\/2023\/wp-json\/wp\/v2\/media?parent=176916"}],"wp:term":[{"taxonomy":"category","embeddable":true,"href":"https:\/\/radiofenix.com.ar\/2023\/wp-json\/wp\/v2\/categories?post=176916"},{"taxonomy":"post_tag","embeddable":true,"href":"https:\/\/radiofenix.com.ar\/2023\/wp-json\/wp\/v2\/tags?post=176916"}],"curies":[{"name":"wp","href":"https:\/\/api.w.org\/{rel}","templated":true}]}}