{"id":176918,"date":"2023-06-22T19:39:00","date_gmt":"2023-06-22T19:39:00","guid":{"rendered":"http:\/\/radiofenix.com.ar\/fabiana-cantilo-agrego-una-tercera-funcion-en-el-gran-rex\/"},"modified":"2023-06-22T19:39:00","modified_gmt":"2023-06-22T19:39:00","slug":"fabiana-cantilo-agrego-una-tercera-funcion-en-el-gran-rex","status":"publish","type":"post","link":"https:\/\/radiofenix.com.ar\/2023\/fabiana-cantilo-agrego-una-tercera-funcion-en-el-gran-rex\/","title":{"rendered":"Fabiana Cantilo agreg\u00f3 una tercera funci\u00f3n en el Gran Rex"},"content":{"rendered":"<p>La tercera fecha en el hist\u00f3rico teatro porte\u00f1o tendr\u00e1 lugar el 3 de octubre y el \u00edcono del rock argentino lo anunci\u00f3 en un video junto a Fito P\u00e1ez en su Instagram oficial.\u00a0La tercera fecha en el hist\u00f3rico teatro porte\u00f1o tendr\u00e1 lugar el 3 de octubre y el \u00edcono del rock argentino lo anunci\u00f3 en un video junto a Fito P\u00e1ez en su Instagram oficial.\u00a0<\/p>\n","protected":false},"excerpt":{"rendered":"<p>La tercera fecha en el hist\u00f3rico teatro porte\u00f1o tendr\u00e1 lugar el 3 de octubre y&#8230;<\/p>\n","protected":false},"author":2,"featured_media":176919,"comment_status":"open","ping_status":"open","sticky":false,"template":"","format":"standard","meta":{"footnotes":""},"categories":[4],"tags":[],"class_list":["post-176918","post","type-post","status-publish","format-standard","has-post-thumbnail","hentry","category-espectaculos"],"featured_image_urls":{"full":"","thumbnail":"","medium":"","medium_large":"","large":"","1536x1536":"","2048x2048":"","newsium-slider-full":"","newsium-featured":"","newsium-medium":""},"author_info":{"info":["c1500921"]},"category_info":"<a href=\"https:\/\/radiofenix.com.ar\/2023\/category\/espectaculos\/\" rel=\"category tag\">Espectaculos<\/a>","tag_info":"Espectaculos","comment_count":"0","_links":{"self":[{"href":"https:\/\/radiofenix.com.ar\/2023\/wp-json\/wp\/v2\/posts\/176918","targetHints":{"allow":["GET"]}}],"collection":[{"href":"https:\/\/radiofenix.com.ar\/2023\/wp-json\/wp\/v2\/posts"}],"about":[{"href":"https:\/\/radiofenix.com.ar\/2023\/wp-json\/wp\/v2\/types\/post"}],"author":[{"embeddable":true,"href":"https:\/\/radiofenix.com.ar\/2023\/wp-json\/wp\/v2\/users\/2"}],"replies":[{"embeddable":true,"href":"https:\/\/radiofenix.com.ar\/2023\/wp-json\/wp\/v2\/comments?post=176918"}],"version-history":[{"count":0,"href":"https:\/\/radiofenix.com.ar\/2023\/wp-json\/wp\/v2\/posts\/176918\/revisions"}],"wp:featuredmedia":[{"embeddable":true,"href":"https:\/\/radiofenix.com.ar\/2023\/wp-json\/"}],"wp:attachment":[{"href":"https:\/\/radiofenix.com.ar\/2023\/wp-json\/wp\/v2\/media?parent=176918"}],"wp:term":[{"taxonomy":"category","embeddable":true,"href":"https:\/\/radiofenix.com.ar\/2023\/wp-json\/wp\/v2\/categories?post=176918"},{"taxonomy":"post_tag","embeddable":true,"href":"https:\/\/radiofenix.com.ar\/2023\/wp-json\/wp\/v2\/tags?post=176918"}],"curies":[{"name":"wp","href":"https:\/\/api.w.org\/{rel}","templated":true}]}}