{"id":177067,"date":"2023-06-24T22:09:26","date_gmt":"2023-06-24T22:09:26","guid":{"rendered":"http:\/\/radiofenix.com.ar\/?p=177067"},"modified":"2023-11-15T19:14:28","modified_gmt":"2023-11-15T19:14:28","slug":"el-cuda-recibio-a-central-en-inferiores","status":"publish","type":"post","link":"https:\/\/radiofenix.com.ar\/2023\/el-cuda-recibio-a-central-en-inferiores\/","title":{"rendered":"EL CUDA RECIBI\u00d3 A CENTRAL EN INFERIORES"},"content":{"rendered":"\n<p>Por la 3\u00ba Fecha del Torneo de Inferiores \u00ab40 A\u00f1os de Democracia\u00bb de la Liga Regional Ceresina de F\u00fatbol, el Uni\u00f3n Deportiva Arruf\u00f3 recibi\u00f3 al Central Argentino Ol\u00edmpico de Ceres. Con un buen marco de p\u00fablico la jornada comenz\u00f3 con un partido amistoso de 8\u00ba divisi\u00f3n, dando la oportunidad para que m\u00e1s cantidad de jugadores de esta categor\u00eda puedan participar de la fecha deportiva.<\/p>\n\n\n\n<figure class=\"wp-block-gallery columns-2 is-cropped wp-block-gallery-1 is-layout-flex wp-block-gallery-is-layout-flex\"><ul class=\"blocks-gallery-grid\"><li class=\"blocks-gallery-item\"><figure><a href=\"http:\/\/radiofenix.com.ar\/wp-content\/uploads\/2023\/06\/DSCN6253-840x630.jpg\"><img decoding=\"async\" src=\"http:\/\/radiofenix.com.ar\/wp-content\/uploads\/2023\/06\/DSCN6253-840x630.jpg\" alt=\"\" data-id=\"177068\" class=\"wp-image-177068\"\/><\/a><\/figure><\/li><li class=\"blocks-gallery-item\"><figure><a href=\"http:\/\/radiofenix.com.ar\/wp-content\/uploads\/2023\/06\/DSCN6255-scaled.jpg\"><img decoding=\"async\" src=\"http:\/\/radiofenix.com.ar\/wp-content\/uploads\/2023\/06\/DSCN6255-840x630.jpg\" alt=\"\" data-id=\"177069\" data-full-url=\"http:\/\/radiofenix.com.ar\/wp-content\/uploads\/2023\/06\/DSCN6255-scaled.jpg\" data-link=\"http:\/\/radiofenix.com.ar\/?attachment_id=177069\" class=\"wp-image-177069\"\/><\/a><\/figure><\/li><\/ul><\/figure>\n\n\n\n<p>En 8\u00ba Divisi\u00f3n el triunfo fue para la visita 2 a 0. Recordamos, que si bien el partido pertenece al campeonato oficial de la Liga Regional Ceresina de F\u00fatbol esta categor\u00eda no es puntable.<\/p>\n\n\n\n<figure class=\"wp-block-gallery columns-2 is-cropped wp-block-gallery-2 is-layout-flex wp-block-gallery-is-layout-flex\"><ul class=\"blocks-gallery-grid\"><li class=\"blocks-gallery-item\"><figure><a href=\"http:\/\/radiofenix.com.ar\/wp-content\/uploads\/2023\/06\/DSCN6275-840x630.jpg\"><img decoding=\"async\" src=\"http:\/\/radiofenix.com.ar\/wp-content\/uploads\/2023\/06\/DSCN6275-840x630.jpg\" alt=\"\" data-id=\"177070\" class=\"wp-image-177070\"\/><\/a><\/figure><\/li><li class=\"blocks-gallery-item\"><figure><a href=\"http:\/\/radiofenix.com.ar\/wp-content\/uploads\/2023\/06\/DSCN6279-scaled.jpg\"><img decoding=\"async\" src=\"http:\/\/radiofenix.com.ar\/wp-content\/uploads\/2023\/06\/DSCN6279-840x630.jpg\" alt=\"\" data-id=\"177071\" data-full-url=\"http:\/\/radiofenix.com.ar\/wp-content\/uploads\/2023\/06\/DSCN6279-scaled.jpg\" data-link=\"http:\/\/radiofenix.com.ar\/?attachment_id=177071\" class=\"wp-image-177071\"\/><\/a><\/figure><\/li><\/ul><\/figure>\n\n\n\n<p>El partido de 6\u00ba Divisi\u00f3n finaliz\u00f3 empatado en 1 gol para cada parcialidad. <\/p>\n\n\n\n<figure class=\"wp-block-gallery columns-2 is-cropped wp-block-gallery-3 is-layout-flex wp-block-gallery-is-layout-flex\"><ul class=\"blocks-gallery-grid\"><li class=\"blocks-gallery-item\"><figure><a href=\"http:\/\/radiofenix.com.ar\/wp-content\/uploads\/2023\/06\/DSCN6299-scaled.jpg\"><img decoding=\"async\" src=\"http:\/\/radiofenix.com.ar\/wp-content\/uploads\/2023\/06\/DSCN6299-840x630.jpg\" alt=\"\" data-id=\"177072\" data-full-url=\"http:\/\/radiofenix.com.ar\/wp-content\/uploads\/2023\/06\/DSCN6299-scaled.jpg\" data-link=\"http:\/\/radiofenix.com.ar\/?attachment_id=177072\" class=\"wp-image-177072\"\/><\/a><\/figure><\/li><li class=\"blocks-gallery-item\"><figure><a href=\"http:\/\/radiofenix.com.ar\/wp-content\/uploads\/2023\/06\/DSCN6303-scaled.jpg\"><img decoding=\"async\" src=\"http:\/\/radiofenix.com.ar\/wp-content\/uploads\/2023\/06\/DSCN6303-840x630.jpg\" alt=\"\" data-id=\"177073\" data-full-url=\"http:\/\/radiofenix.com.ar\/wp-content\/uploads\/2023\/06\/DSCN6303-scaled.jpg\" data-link=\"http:\/\/radiofenix.com.ar\/?attachment_id=177073\" class=\"wp-image-177073\"\/><\/a><\/figure><\/li><\/ul><\/figure>\n\n\n\n<p>El partido que cerr\u00f3 la jornada fue el disputado por la 7\u00ba Divisi\u00f3n, donde el triunfo fue para la parcialidad local que se impuso por un gol de diferencia al vencer 2 a 1 a su rival.<\/p>\n\n\n\n<figure class=\"wp-block-gallery columns-2 is-cropped wp-block-gallery-4 is-layout-flex wp-block-gallery-is-layout-flex\"><ul class=\"blocks-gallery-grid\"><li class=\"blocks-gallery-item\"><figure><a href=\"http:\/\/radiofenix.com.ar\/wp-content\/uploads\/2023\/06\/DSCN6329-scaled.jpg\"><img decoding=\"async\" src=\"http:\/\/radiofenix.com.ar\/wp-content\/uploads\/2023\/06\/DSCN6329-840x630.jpg\" alt=\"\" data-id=\"177074\" data-full-url=\"http:\/\/radiofenix.com.ar\/wp-content\/uploads\/2023\/06\/DSCN6329-scaled.jpg\" data-link=\"http:\/\/radiofenix.com.ar\/?attachment_id=177074\" class=\"wp-image-177074\"\/><\/a><\/figure><\/li><li class=\"blocks-gallery-item\"><figure><a href=\"http:\/\/radiofenix.com.ar\/wp-content\/uploads\/2023\/06\/DSCN6334-scaled.jpg\"><img decoding=\"async\" src=\"http:\/\/radiofenix.com.ar\/wp-content\/uploads\/2023\/06\/DSCN6334-840x630.jpg\" alt=\"\" data-id=\"177075\" data-full-url=\"http:\/\/radiofenix.com.ar\/wp-content\/uploads\/2023\/06\/DSCN6334-scaled.jpg\" data-link=\"http:\/\/radiofenix.com.ar\/?attachment_id=177075\" class=\"wp-image-177075\"\/><\/a><\/figure><\/li><\/ul><\/figure>\n\n\n\n<p>Los encuentros fueron arbitrados por Hector Fabian Gonzalez en 8\u00ba Divisi\u00f3n, Juan Carlos Gonzalez en 6\u00ba Divisi\u00f3n -y Oscar Chaparro en 7\u00ba Divisi\u00f3n.<\/p>\n\n\n\n<figure class=\"wp-block-gallery columns-3 is-cropped wp-block-gallery-5 is-layout-flex wp-block-gallery-is-layout-flex\"><ul class=\"blocks-gallery-grid\"><li class=\"blocks-gallery-item\"><figure><a href=\"http:\/\/radiofenix.com.ar\/wp-content\/uploads\/2023\/06\/DSCN6281-1-840x630.jpg\"><img decoding=\"async\" src=\"http:\/\/radiofenix.com.ar\/wp-content\/uploads\/2023\/06\/DSCN6281-1-840x630.jpg\" alt=\"\" data-id=\"177096\" data-link=\"http:\/\/radiofenix.com.ar\/?attachment_id=177096\" class=\"wp-image-177096\"\/><\/a><\/figure><\/li><li class=\"blocks-gallery-item\"><figure><a href=\"http:\/\/radiofenix.com.ar\/wp-content\/uploads\/2023\/06\/DSCN6305-840x630.jpg\"><img decoding=\"async\" src=\"http:\/\/radiofenix.com.ar\/wp-content\/uploads\/2023\/06\/DSCN6305-840x630.jpg\" alt=\"\" data-id=\"177099\" data-link=\"http:\/\/radiofenix.com.ar\/?attachment_id=177099\" class=\"wp-image-177099\"\/><\/a><\/figure><\/li><li class=\"blocks-gallery-item\"><figure><a href=\"http:\/\/radiofenix.com.ar\/wp-content\/uploads\/2023\/06\/DSCN6336-scaled.jpg\"><img decoding=\"async\" src=\"http:\/\/radiofenix.com.ar\/wp-content\/uploads\/2023\/06\/DSCN6336-840x630.jpg\" alt=\"\" data-id=\"177104\" data-full-url=\"http:\/\/radiofenix.com.ar\/wp-content\/uploads\/2023\/06\/DSCN6336-scaled.jpg\" data-link=\"http:\/\/radiofenix.com.ar\/?attachment_id=177104\" class=\"wp-image-177104\"\/><\/a><\/figure><\/li><\/ul><\/figure>\n","protected":false},"excerpt":{"rendered":"<p>Por la 3\u00ba Fecha del Torneo de Inferiores \u00ab40 A\u00f1os de Democracia\u00bb de la Liga&#8230;<\/p>\n","protected":false},"author":3,"featured_media":191402,"comment_status":"open","ping_status":"open","sticky":true,"template":"","format":"standard","meta":{"footnotes":""},"categories":[35],"tags":[52,29,33,53,36],"class_list":["post-177067","post","type-post","status-publish","format-standard","has-post-thumbnail","hentry","category-locales","tag-ccao","tag-cuda","tag-futbol","tag-inferiores","tag-lrcf"],"featured_image_urls":{"full":["https:\/\/radiofenix.com.ar\/2023\/wp-content\/uploads\/2023\/06\/DSCN6253-840x630-1.jpg",840,630,false],"thumbnail":["https:\/\/radiofenix.com.ar\/2023\/wp-content\/uploads\/2023\/06\/DSCN6253-840x630-1-150x150.jpg",150,150,true],"medium":["https:\/\/radiofenix.com.ar\/2023\/wp-content\/uploads\/2023\/06\/DSCN6253-840x630-1-300x225.jpg",300,225,true],"medium_large":["https:\/\/radiofenix.com.ar\/2023\/wp-content\/uploads\/2023\/06\/DSCN6253-840x630-1-768x576.jpg",640,480,true],"large":["https:\/\/radiofenix.com.ar\/2023\/wp-content\/uploads\/2023\/06\/DSCN6253-840x630-1.jpg",640,480,false],"1536x1536":["https:\/\/radiofenix.com.ar\/2023\/wp-content\/uploads\/2023\/06\/DSCN6253-840x630-1.jpg",840,630,false],"2048x2048":["https:\/\/radiofenix.com.ar\/2023\/wp-content\/uploads\/2023\/06\/DSCN6253-840x630-1.jpg",840,630,false],"newsium-slider-full":["https:\/\/radiofenix.com.ar\/2023\/wp-content\/uploads\/2023\/06\/DSCN6253-840x630-1.jpg",840,630,false],"newsium-featured":["https:\/\/radiofenix.com.ar\/2023\/wp-content\/uploads\/2023\/06\/DSCN6253-840x630-1.jpg",840,630,false],"newsium-medium":["https:\/\/radiofenix.com.ar\/2023\/wp-content\/uploads\/2023\/06\/DSCN6253-840x630-1-720x475.jpg",720,475,true]},"author_info":{"info":["Radio Fenix"]},"category_info":"<a href=\"https:\/\/radiofenix.com.ar\/2023\/category\/locales\/\" rel=\"category tag\">Locales<\/a>","tag_info":"Locales","comment_count":"0","_links":{"self":[{"href":"https:\/\/radiofenix.com.ar\/2023\/wp-json\/wp\/v2\/posts\/177067","targetHints":{"allow":["GET"]}}],"collection":[{"href":"https:\/\/radiofenix.com.ar\/2023\/wp-json\/wp\/v2\/posts"}],"about":[{"href":"https:\/\/radiofenix.com.ar\/2023\/wp-json\/wp\/v2\/types\/post"}],"author":[{"embeddable":true,"href":"https:\/\/radiofenix.com.ar\/2023\/wp-json\/wp\/v2\/users\/3"}],"replies":[{"embeddable":true,"href":"https:\/\/radiofenix.com.ar\/2023\/wp-json\/wp\/v2\/comments?post=177067"}],"version-history":[{"count":1,"href":"https:\/\/radiofenix.com.ar\/2023\/wp-json\/wp\/v2\/posts\/177067\/revisions"}],"predecessor-version":[{"id":191362,"href":"https:\/\/radiofenix.com.ar\/2023\/wp-json\/wp\/v2\/posts\/177067\/revisions\/191362"}],"wp:featuredmedia":[{"embeddable":true,"href":"https:\/\/radiofenix.com.ar\/2023\/wp-json\/wp\/v2\/media\/191402"}],"wp:attachment":[{"href":"https:\/\/radiofenix.com.ar\/2023\/wp-json\/wp\/v2\/media?parent=177067"}],"wp:term":[{"taxonomy":"category","embeddable":true,"href":"https:\/\/radiofenix.com.ar\/2023\/wp-json\/wp\/v2\/categories?post=177067"},{"taxonomy":"post_tag","embeddable":true,"href":"https:\/\/radiofenix.com.ar\/2023\/wp-json\/wp\/v2\/tags?post=177067"}],"curies":[{"name":"wp","href":"https:\/\/api.w.org\/{rel}","templated":true}]}}