{"id":177368,"date":"2023-06-27T20:54:00","date_gmt":"2023-06-27T20:54:00","guid":{"rendered":"http:\/\/radiofenix.com.ar\/las-pymes-generaron-140-000-puestos-de-trabajo-en-el-primer-trimestre\/"},"modified":"2023-06-27T20:54:00","modified_gmt":"2023-06-27T20:54:00","slug":"las-pymes-generaron-140-000-puestos-de-trabajo-en-el-primer-trimestre","status":"publish","type":"post","link":"https:\/\/radiofenix.com.ar\/2023\/las-pymes-generaron-140-000-puestos-de-trabajo-en-el-primer-trimestre\/","title":{"rendered":"Las pymes generaron 140.000 puestos de trabajo en el primer trimestre"},"content":{"rendered":"<p>Seg\u00fan datos de la Subsecretar\u00eda Pyme, las micro, peque\u00f1as y medianas empresas representan el 90% de las empresas exportadoras y el a\u00f1o pasado, 8.540 de ellas exportaron por US$ 12.900 millones, un 8,3% m\u00e1s que en 2021.<\/p>\n","protected":false},"excerpt":{"rendered":"<p>Seg\u00fan datos de la Subsecretar\u00eda Pyme, las micro, peque\u00f1as y medianas empresas representan el 90%&#8230;<\/p>\n","protected":false},"author":2,"featured_media":177369,"comment_status":"open","ping_status":"open","sticky":false,"template":"","format":"standard","meta":{"footnotes":""},"categories":[5],"tags":[],"class_list":["post-177368","post","type-post","status-publish","format-standard","has-post-thumbnail","hentry","category-economia"],"featured_image_urls":{"full":"","thumbnail":"","medium":"","medium_large":"","large":"","1536x1536":"","2048x2048":"","newsium-slider-full":"","newsium-featured":"","newsium-medium":""},"author_info":{"info":["c1500921"]},"category_info":"<a href=\"https:\/\/radiofenix.com.ar\/2023\/category\/economia\/\" rel=\"category tag\">Economia<\/a>","tag_info":"Economia","comment_count":"0","_links":{"self":[{"href":"https:\/\/radiofenix.com.ar\/2023\/wp-json\/wp\/v2\/posts\/177368","targetHints":{"allow":["GET"]}}],"collection":[{"href":"https:\/\/radiofenix.com.ar\/2023\/wp-json\/wp\/v2\/posts"}],"about":[{"href":"https:\/\/radiofenix.com.ar\/2023\/wp-json\/wp\/v2\/types\/post"}],"author":[{"embeddable":true,"href":"https:\/\/radiofenix.com.ar\/2023\/wp-json\/wp\/v2\/users\/2"}],"replies":[{"embeddable":true,"href":"https:\/\/radiofenix.com.ar\/2023\/wp-json\/wp\/v2\/comments?post=177368"}],"version-history":[{"count":0,"href":"https:\/\/radiofenix.com.ar\/2023\/wp-json\/wp\/v2\/posts\/177368\/revisions"}],"wp:featuredmedia":[{"embeddable":true,"href":"https:\/\/radiofenix.com.ar\/2023\/wp-json\/"}],"wp:attachment":[{"href":"https:\/\/radiofenix.com.ar\/2023\/wp-json\/wp\/v2\/media?parent=177368"}],"wp:term":[{"taxonomy":"category","embeddable":true,"href":"https:\/\/radiofenix.com.ar\/2023\/wp-json\/wp\/v2\/categories?post=177368"},{"taxonomy":"post_tag","embeddable":true,"href":"https:\/\/radiofenix.com.ar\/2023\/wp-json\/wp\/v2\/tags?post=177368"}],"curies":[{"name":"wp","href":"https:\/\/api.w.org\/{rel}","templated":true}]}}