{"id":177902,"date":"2023-07-03T16:38:18","date_gmt":"2023-07-03T16:38:18","guid":{"rendered":"http:\/\/radiofenix.com.ar\/?p=177902"},"modified":"2023-07-03T16:38:18","modified_gmt":"2023-07-03T16:38:18","slug":"el-senador-michlig-concurrio-a-la-2fiesta-de-las-colectividades-de-ceres","status":"publish","type":"post","link":"https:\/\/radiofenix.com.ar\/2023\/el-senador-michlig-concurrio-a-la-2fiesta-de-las-colectividades-de-ceres\/","title":{"rendered":"El Senador Michlig concurri\u00f3 a la 2\u00b0Fiesta de las Colectividades de Ceres"},"content":{"rendered":"\n<p>El Senador Felipe Michlig acompa\u00f1\u00f3 este domingo en la ciudad de Ceres a la intendenta Alejandra Dupouy en la 2\u00b0 Fiesta de las colectividades, en el marco de los 131 a\u00f1os de la Fundaci\u00f3n de la ciudad de Ceres.<\/p>\n\n\n\n<p>Posteriormente, invitado por las autoridades del Club Central Argentino Ol\u00edmpico, (Pte. Andr\u00e9s Bernabeu y el Pte. de la Sub. Marcelo Schillino) concurri\u00f3 al partido jugado contra Club Atl\u00e9tico Tostado, por una nueva fecha de la Copa Santa Fe.<\/p>\n\n\n\n<figure class=\"wp-block-image size-large\"><a href=\"http:\/\/radiofenix.com.ar\/wp-content\/uploads\/2023\/07\/ceres-club-olimpico.jpg\"><img decoding=\"async\" src=\"http:\/\/radiofenix.com.ar\/wp-content\/uploads\/2023\/07\/ceres-club-olimpico-840x473.jpg\" alt=\"\" class=\"wp-image-177904\"\/><\/a><\/figure>\n\n\n\n<p><strong><u>Un evento distintivo<\/u><\/strong><\/p>\n\n\n\n<p>En la 2\u00b0 Fiesta de las colectividades, las autoridades recorrieron todos los stands y al momento del acto oficial el Senador felicit\u00f3 \u201ca todos los organizadores y al municipio por el \u00e9xito de este evento, al que tenemos el gusto de ayudar en esta oportunidad con un mill\u00f3n y medio de pesos, para la organizaci\u00f3n y crecimiento del mismo, apostando a la exposici\u00f3n de las tradiciones, de la cultura y de iniciativas productivas, adem\u00e1s para que sea un evento distintivo de la ciudad\u201d.<\/p>\n\n\n\n<p>Durante el acto, Alejandra Dupouy pronunci\u00f3 un discurso en el que destac\u00f3 el valor de la historia y la identidad de Ceres, subrayando la importancia de preservar las tradiciones y honrar a aquellos que forjaron el camino. Asimismo, resalt\u00f3 el compromiso de su gobierno para seguir trabajando en beneficio de la comunidad y promover el crecimiento sostenible de la ciudad.<\/p>\n\n\n\n<figure class=\"wp-block-image size-large\"><a href=\"http:\/\/radiofenix.com.ar\/wp-content\/uploads\/2023\/07\/ceres-fereia.jpg\"><img decoding=\"async\" src=\"http:\/\/radiofenix.com.ar\/wp-content\/uploads\/2023\/07\/ceres-fereia-840x473.jpg\" alt=\"\" class=\"wp-image-177903\"\/><\/a><\/figure>\n\n\n\n<p><\/p>\n","protected":false},"excerpt":{"rendered":"<p>El Senador Felipe Michlig acompa\u00f1\u00f3 este domingo en la ciudad de Ceres a la intendenta&#8230;<\/p>\n","protected":false},"author":3,"featured_media":177905,"comment_status":"open","ping_status":"open","sticky":true,"template":"","format":"standard","meta":{"footnotes":""},"categories":[12,2,18],"tags":[28,22,57,26],"class_list":["post-177902","post","type-post","status-publish","format-standard","has-post-thumbnail","hentry","category-destacado","category-politica","category-regionales","tag-ceres","tag-felipe-michlig","tag-marcelo-gonzalez","tag-senadores"],"featured_image_urls":{"full":"","thumbnail":"","medium":"","medium_large":"","large":"","1536x1536":"","2048x2048":"","newsium-slider-full":"","newsium-featured":"","newsium-medium":""},"author_info":{"info":["Radio Fenix"]},"category_info":"<a href=\"https:\/\/radiofenix.com.ar\/2023\/category\/destacado\/\" rel=\"category tag\">Destacado<\/a> <a href=\"https:\/\/radiofenix.com.ar\/2023\/category\/politica\/\" rel=\"category tag\">Pol\u00edtica<\/a> <a href=\"https:\/\/radiofenix.com.ar\/2023\/category\/regionales\/\" rel=\"category tag\">Regionales<\/a>","tag_info":"Regionales","comment_count":"0","_links":{"self":[{"href":"https:\/\/radiofenix.com.ar\/2023\/wp-json\/wp\/v2\/posts\/177902","targetHints":{"allow":["GET"]}}],"collection":[{"href":"https:\/\/radiofenix.com.ar\/2023\/wp-json\/wp\/v2\/posts"}],"about":[{"href":"https:\/\/radiofenix.com.ar\/2023\/wp-json\/wp\/v2\/types\/post"}],"author":[{"embeddable":true,"href":"https:\/\/radiofenix.com.ar\/2023\/wp-json\/wp\/v2\/users\/3"}],"replies":[{"embeddable":true,"href":"https:\/\/radiofenix.com.ar\/2023\/wp-json\/wp\/v2\/comments?post=177902"}],"version-history":[{"count":0,"href":"https:\/\/radiofenix.com.ar\/2023\/wp-json\/wp\/v2\/posts\/177902\/revisions"}],"wp:featuredmedia":[{"embeddable":true,"href":"https:\/\/radiofenix.com.ar\/2023\/wp-json\/"}],"wp:attachment":[{"href":"https:\/\/radiofenix.com.ar\/2023\/wp-json\/wp\/v2\/media?parent=177902"}],"wp:term":[{"taxonomy":"category","embeddable":true,"href":"https:\/\/radiofenix.com.ar\/2023\/wp-json\/wp\/v2\/categories?post=177902"},{"taxonomy":"post_tag","embeddable":true,"href":"https:\/\/radiofenix.com.ar\/2023\/wp-json\/wp\/v2\/tags?post=177902"}],"curies":[{"name":"wp","href":"https:\/\/api.w.org\/{rel}","templated":true}]}}