{"id":177935,"date":"2023-07-04T00:08:24","date_gmt":"2023-07-04T00:08:24","guid":{"rendered":"http:\/\/radiofenix.com.ar\/?p=177935"},"modified":"2023-07-04T00:08:24","modified_gmt":"2023-07-04T00:08:24","slug":"el-senador-felipe-michlig-visito-este-lunes-6-localidades-del-dpto-san-cristobal","status":"publish","type":"post","link":"https:\/\/radiofenix.com.ar\/2023\/el-senador-felipe-michlig-visito-este-lunes-6-localidades-del-dpto-san-cristobal\/","title":{"rendered":"El Senador Felipe Michlig visit\u00f3 este lunes 6 localidades del Dpto. San Crist\u00f3bal"},"content":{"rendered":"\n<p>El Senador Provincial Felipe Michlig, junto la precandidata a senadora suplente Mar\u00eda Paula Salari, visitaron este lunes la localidades de Curupaity, Monigotes , Las Palmeras, Palacios, Colonia Bossi y Dos Rosas y La Legua, en donde mantuvieron reuniones con autoridades, instituciones y vecinos, entregando -adem\u00e1s- aportes legislativos del Programa de Fortalecimiento Institucional de la C\u00e1mara de Senadores, Luminarias Led del Programa Departamental de Iluminaci\u00f3n Led (Pro.Di.Led.) y elementos deportivos del Programa Departamental \u201c+Deportes\u201d.<\/p>\n\n\n\n<p>El Senador Michlig destac\u00f3 \u201cque a trav\u00e9s de los programas vigentes desde mi funci\u00f3n de Senador podemos ordenar las demandas y atender necesidades de instituciones en orden de prioridades objetivas y con un criterio de absoluta equidad, para que lo pocos recursos p\u00fablicos que tenemos la posibilidad administrar lleguen en forma \u00e1gil y transparente a quienes lo solicitan y rinden debidamente.<\/p>\n\n\n\n<p>Curupaity y Monigotes<\/p>\n\n\n\n<p>La recorrida de esta jornada se inici\u00f3 en Curupaity en donde el Senador Michlig y equipo de trabajo fueron recibidos por el Pte. Comunal Gustavo Dalmasso, concurriendo luego a la Sede social de la instituci\u00f3n del Club Uni\u00f3n Cultural y Deportivo Curupaity, en donde entregaron elementos deportivos para la pr\u00e1ctica de distintas disciplinas, siendo recibidos por el Pte. de la Subcomisi\u00f3n de f\u00fatbol, Jorge L\u00f3pez, y \u00e9l profesor de la escuelita del f\u00fatbol infantil Fabian Trejo. Luego en Monigotes junto al Pte. Comunal Andr\u00e9s Villarreal visitaron la Escuela N\u00b0 6043 Constancio C. Vigil, en donde fueron recibidos por la Directora Milena Bejarano y docentes de la escuela; a quienes se les hizo entrega de un aire acondicionado Split (Fr\u00edo Calor) de 5.000 Frigor\u00edas, marca Hyundai. \u201cAgradecemos profundamente este aporte ya que con este aire para el comedor escolar logramos tener todas las aulas y dependencia en com\u00fan climatizadas\u201d acot\u00f3 la Directora.<\/p>\n\n\n\n<p>Las Palmeras y Palacios<\/p>\n\n\n\n<p>Continuando con la agenda de trabajo de este lunes llegaron a Las Palmeras en donde fueron recibidos por EL Pte. Comunal Roberto Buratto y equipo de trabajo, con quien concurrieron al Club Deportivo Las Palmeras en donde hicieron entrega de elementos deportivos para el f\u00fatbol mayor y escuelita de f\u00fatbol. Tambi\u00e9n se recorrieron las instalaciones y repasaron pr\u00f3ximos proyectos.  Junto al Pte. de la instituci\u00f3n Javier Franzotti, el DT Jorge C\u00e1ceres y dem\u00e1s miembros de la Comisi\u00f3n Directiva. Posteriormente en Palacios junto al Pte. Comunal Lucas Bussi, concurrieron al Club Atl\u00e9tico Uni\u00f3n Palacios en donde entregaron al Pte. del club Fernando Fontanini, a la tesorera Daniela Usprung y al DT Daniel Cipolatti, los siguientes elementos: 4 Luminaria led (4 Reflectores de 250 w.) y elementos deportivos (Pelotas F\u00fatbol, V\u00f3ley, conos, tortugas).<\/p>\n\n\n\n<p>Colonia Bossi y Dos Rosas y La Legua<\/p>\n\n\n\n<p>Al llegar a Colonia Bossi, fueron recibidos por el Pte. Comunal Gustavo Capella, con qui\u00e9n iniciaron la agenda de trabajo recorriendo obras y evaluando proyectos futuros. En tal sentido recorrieron la obra de puesta en valor del destacamento policial IX y tambi\u00e9n relevaron la obra de pavimento concretada por la Comuna.Tambi\u00e9n entregaron elementos deportivos (para el f\u00fatbol mayor y escuelita) y un aporte econ\u00f3mico para el Club Centro Juvenil 25 de Mayo (para mejoras edilicias), recibido por su Pte. Germ\u00e1n Rosso. Tambi\u00e9n se hizo entrega de un aporte al centro cultural KUYURIY, recibido por su tesorera Claudia Merlo, destinado a la organizaci\u00f3n de la primera pe\u00f1a ben\u00e9fica que van a realizar el pr\u00f3ximo 5 de agosto.<\/p>\n\n\n\n<p>Finalmente, en Colonia Dos Rosas y La Legua, junto al Pte. Comunal Hugo Frank y la precandidata Carina Frank, visitaron el Club Social y Deportivo San Lorenzo, donde fueron recibidos por el Pte. Ricardo Wasinger y miembros de la CD, que mostraron la obra de vestuarios y ba\u00f1os que est\u00e1n llevando adelante. Luego en el campo de juego se hizo entrega de aportes para el club, destinado al festival de jineteada y chamam\u00e9 realizados d\u00edas pasados. Otro aporte fue destinado para la compra de la nueva indumentaria de la Escuelita Infantil \u00abLos Cuervitos\u00bb; al tiempo que tambi\u00e9n se hizo entrega de elementos deportivos (pelotas de f\u00fatbol, v\u00f3ley, tortuguitas y conitos).<\/p>\n\n\n\n<figure class=\"wp-block-gallery columns-3 is-cropped wp-block-gallery-1 is-layout-flex wp-block-gallery-is-layout-flex\"><ul class=\"blocks-gallery-grid\"><li class=\"blocks-gallery-item\"><figure><a href=\"http:\/\/radiofenix.com.ar\/wp-content\/uploads\/2023\/07\/lunes-palacios-840x473.jpg\"><img decoding=\"async\" src=\"http:\/\/radiofenix.com.ar\/wp-content\/uploads\/2023\/07\/lunes-palacios-840x473.jpg\" alt=\"\" data-id=\"177956\" class=\"wp-image-177956\"\/><\/a><\/figure><\/li><li class=\"blocks-gallery-item\"><figure><a href=\"http:\/\/radiofenix.com.ar\/wp-content\/uploads\/2023\/07\/lunes-monigotes-ppal.jpg\"><img decoding=\"async\" src=\"http:\/\/radiofenix.com.ar\/wp-content\/uploads\/2023\/07\/lunes-monigotes-ppal-840x473.jpg\" alt=\"\" data-id=\"177957\" data-full-url=\"http:\/\/radiofenix.com.ar\/wp-content\/uploads\/2023\/07\/lunes-monigotes-ppal.jpg\" data-link=\"http:\/\/radiofenix.com.ar\/?attachment_id=177957\" class=\"wp-image-177957\"\/><\/a><\/figure><\/li><li class=\"blocks-gallery-item\"><figure><a href=\"http:\/\/radiofenix.com.ar\/wp-content\/uploads\/2023\/07\/lunes-Las-palmeras.jpg\"><img decoding=\"async\" src=\"http:\/\/radiofenix.com.ar\/wp-content\/uploads\/2023\/07\/lunes-Las-palmeras-840x473.jpg\" alt=\"\" data-id=\"177958\" data-full-url=\"http:\/\/radiofenix.com.ar\/wp-content\/uploads\/2023\/07\/lunes-Las-palmeras.jpg\" data-link=\"http:\/\/radiofenix.com.ar\/?attachment_id=177958\" class=\"wp-image-177958\"\/><\/a><\/figure><\/li><li class=\"blocks-gallery-item\"><figure><a href=\"http:\/\/radiofenix.com.ar\/wp-content\/uploads\/2023\/07\/lunes-curupaity.jpg\"><img decoding=\"async\" src=\"http:\/\/radiofenix.com.ar\/wp-content\/uploads\/2023\/07\/lunes-curupaity-840x473.jpg\" alt=\"\" data-id=\"177959\" data-full-url=\"http:\/\/radiofenix.com.ar\/wp-content\/uploads\/2023\/07\/lunes-curupaity.jpg\" data-link=\"http:\/\/radiofenix.com.ar\/?attachment_id=177959\" class=\"wp-image-177959\"\/><\/a><\/figure><\/li><li class=\"blocks-gallery-item\"><figure><a href=\"http:\/\/radiofenix.com.ar\/wp-content\/uploads\/2023\/07\/lunes-col-2-rosa-y-la.jpg\"><img decoding=\"async\" src=\"http:\/\/radiofenix.com.ar\/wp-content\/uploads\/2023\/07\/lunes-col-2-rosa-y-la-840x473.jpg\" alt=\"\" data-id=\"177960\" data-full-url=\"http:\/\/radiofenix.com.ar\/wp-content\/uploads\/2023\/07\/lunes-col-2-rosa-y-la.jpg\" data-link=\"http:\/\/radiofenix.com.ar\/?attachment_id=177960\" class=\"wp-image-177960\"\/><\/a><\/figure><\/li><li class=\"blocks-gallery-item\"><figure><a href=\"http:\/\/radiofenix.com.ar\/wp-content\/uploads\/2023\/07\/lunes-col-bossi1.jpg\"><img decoding=\"async\" src=\"http:\/\/radiofenix.com.ar\/wp-content\/uploads\/2023\/07\/lunes-col-bossi1-840x473.jpg\" alt=\"\" data-id=\"177961\" data-full-url=\"http:\/\/radiofenix.com.ar\/wp-content\/uploads\/2023\/07\/lunes-col-bossi1.jpg\" data-link=\"http:\/\/radiofenix.com.ar\/?attachment_id=177961\" class=\"wp-image-177961\"\/><\/a><\/figure><\/li><li class=\"blocks-gallery-item\"><figure><a href=\"http:\/\/radiofenix.com.ar\/wp-content\/uploads\/2023\/07\/col-bossi-2.jpg\"><img decoding=\"async\" src=\"http:\/\/radiofenix.com.ar\/wp-content\/uploads\/2023\/07\/col-bossi-2-840x473.jpg\" alt=\"\" data-id=\"177962\" data-full-url=\"http:\/\/radiofenix.com.ar\/wp-content\/uploads\/2023\/07\/col-bossi-2.jpg\" data-link=\"http:\/\/radiofenix.com.ar\/?attachment_id=177962\" class=\"wp-image-177962\"\/><\/a><\/figure><\/li><\/ul><\/figure>\n","protected":false},"excerpt":{"rendered":"<p>El Senador Provincial Felipe Michlig, junto la precandidata a senadora suplente Mar\u00eda Paula Salari, visitaron&#8230;<\/p>\n","protected":false},"author":3,"featured_media":177956,"comment_status":"open","ping_status":"open","sticky":true,"template":"","format":"standard","meta":{"footnotes":""},"categories":[12,2,18],"tags":[22,57,25,26],"class_list":["post-177935","post","type-post","status-publish","format-standard","has-post-thumbnail","hentry","category-destacado","category-politica","category-regionales","tag-felipe-michlig","tag-marcelo-gonzalez","tag-san-cristobal-2","tag-senadores"],"featured_image_urls":{"full":"","thumbnail":"","medium":"","medium_large":"","large":"","1536x1536":"","2048x2048":"","newsium-slider-full":"","newsium-featured":"","newsium-medium":""},"author_info":{"info":["Radio Fenix"]},"category_info":"<a href=\"https:\/\/radiofenix.com.ar\/2023\/category\/destacado\/\" rel=\"category tag\">Destacado<\/a> <a href=\"https:\/\/radiofenix.com.ar\/2023\/category\/politica\/\" rel=\"category tag\">Pol\u00edtica<\/a> <a href=\"https:\/\/radiofenix.com.ar\/2023\/category\/regionales\/\" rel=\"category tag\">Regionales<\/a>","tag_info":"Regionales","comment_count":"0","_links":{"self":[{"href":"https:\/\/radiofenix.com.ar\/2023\/wp-json\/wp\/v2\/posts\/177935","targetHints":{"allow":["GET"]}}],"collection":[{"href":"https:\/\/radiofenix.com.ar\/2023\/wp-json\/wp\/v2\/posts"}],"about":[{"href":"https:\/\/radiofenix.com.ar\/2023\/wp-json\/wp\/v2\/types\/post"}],"author":[{"embeddable":true,"href":"https:\/\/radiofenix.com.ar\/2023\/wp-json\/wp\/v2\/users\/3"}],"replies":[{"embeddable":true,"href":"https:\/\/radiofenix.com.ar\/2023\/wp-json\/wp\/v2\/comments?post=177935"}],"version-history":[{"count":0,"href":"https:\/\/radiofenix.com.ar\/2023\/wp-json\/wp\/v2\/posts\/177935\/revisions"}],"wp:featuredmedia":[{"embeddable":true,"href":"https:\/\/radiofenix.com.ar\/2023\/wp-json\/"}],"wp:attachment":[{"href":"https:\/\/radiofenix.com.ar\/2023\/wp-json\/wp\/v2\/media?parent=177935"}],"wp:term":[{"taxonomy":"category","embeddable":true,"href":"https:\/\/radiofenix.com.ar\/2023\/wp-json\/wp\/v2\/categories?post=177935"},{"taxonomy":"post_tag","embeddable":true,"href":"https:\/\/radiofenix.com.ar\/2023\/wp-json\/wp\/v2\/tags?post=177935"}],"curies":[{"name":"wp","href":"https:\/\/api.w.org\/{rel}","templated":true}]}}