{"id":177965,"date":"2023-07-04T03:05:25","date_gmt":"2023-07-04T03:05:25","guid":{"rendered":"http:\/\/radiofenix.com.ar\/?p=177965"},"modified":"2023-07-04T03:05:25","modified_gmt":"2023-07-04T03:05:25","slug":"gisela-scaglia-y-marcelo-gonzalez-recorrieron-el-departamento-9-de-julio","status":"publish","type":"post","link":"https:\/\/radiofenix.com.ar\/2023\/gisela-scaglia-y-marcelo-gonzalez-recorrieron-el-departamento-9-de-julio\/","title":{"rendered":"Gisela Scaglia y Marcelo Gonz\u00e1lez recorrieron el departamento 9 de Julio"},"content":{"rendered":"\n<p>La pre candidata a vicegobernadora de Santa Fe, Gisela Scaglia, y el diputado provincial Marcelo Gonz\u00e1lez, estuvieron de recorrida por el departamento 9 de Julio para dialogar con referentes y autoridades locales y a la vez visitar instituciones y charlar con vecinos. La visita abarc\u00f3 las localidades de Tostado, Gregoria Perez de Denis, Gato Colorado, Montefiore y Logro\u00f1o. Este mi\u00e9rcoles los har\u00e1n en el departamento San Cristobal.<br>En la visita durante domingo y lunes, estuvieron en distintas localidades compartiendo actividades e interioriz\u00e1ndose acerca de las problem\u00e1ticas de cada lugar.<br>Gisela Scaglia acompa\u00f1a en la f\u00f3rmula a Maximiliano Pullaro en la lista Santa Fe Puede de Unidos para Cambiar Santa Fe y, por el mismo espacio, Marcelo Gonz\u00e1lez ocupa el tercer lugar en la n\u00f3mina de pre candidatos a diputados encabezada por Jos\u00e9 Corral.<br>En di\u00e1logo con los medios de comunicaci\u00f3n, contaron acerca de la visita y las iniciativas y proyectos que buscan poner en marcha.<\/p>\n","protected":false},"excerpt":{"rendered":"<p>La pre candidata a vicegobernadora de Santa Fe, Gisela Scaglia, y el diputado provincial Marcelo&#8230;<\/p>\n","protected":false},"author":3,"featured_media":177966,"comment_status":"open","ping_status":"open","sticky":true,"template":"","format":"standard","meta":{"footnotes":""},"categories":[12,2,18],"tags":[61,44,57],"class_list":["post-177965","post","type-post","status-publish","format-standard","has-post-thumbnail","hentry","category-destacado","category-politica","category-regionales","tag-9-de-julio","tag-diputados","tag-marcelo-gonzalez"],"featured_image_urls":{"full":"","thumbnail":"","medium":"","medium_large":"","large":"","1536x1536":"","2048x2048":"","newsium-slider-full":"","newsium-featured":"","newsium-medium":""},"author_info":{"info":["Radio Fenix"]},"category_info":"<a href=\"https:\/\/radiofenix.com.ar\/2023\/category\/destacado\/\" rel=\"category tag\">Destacado<\/a> <a href=\"https:\/\/radiofenix.com.ar\/2023\/category\/politica\/\" rel=\"category tag\">Pol\u00edtica<\/a> <a href=\"https:\/\/radiofenix.com.ar\/2023\/category\/regionales\/\" rel=\"category tag\">Regionales<\/a>","tag_info":"Regionales","comment_count":"0","_links":{"self":[{"href":"https:\/\/radiofenix.com.ar\/2023\/wp-json\/wp\/v2\/posts\/177965","targetHints":{"allow":["GET"]}}],"collection":[{"href":"https:\/\/radiofenix.com.ar\/2023\/wp-json\/wp\/v2\/posts"}],"about":[{"href":"https:\/\/radiofenix.com.ar\/2023\/wp-json\/wp\/v2\/types\/post"}],"author":[{"embeddable":true,"href":"https:\/\/radiofenix.com.ar\/2023\/wp-json\/wp\/v2\/users\/3"}],"replies":[{"embeddable":true,"href":"https:\/\/radiofenix.com.ar\/2023\/wp-json\/wp\/v2\/comments?post=177965"}],"version-history":[{"count":0,"href":"https:\/\/radiofenix.com.ar\/2023\/wp-json\/wp\/v2\/posts\/177965\/revisions"}],"wp:featuredmedia":[{"embeddable":true,"href":"https:\/\/radiofenix.com.ar\/2023\/wp-json\/"}],"wp:attachment":[{"href":"https:\/\/radiofenix.com.ar\/2023\/wp-json\/wp\/v2\/media?parent=177965"}],"wp:term":[{"taxonomy":"category","embeddable":true,"href":"https:\/\/radiofenix.com.ar\/2023\/wp-json\/wp\/v2\/categories?post=177965"},{"taxonomy":"post_tag","embeddable":true,"href":"https:\/\/radiofenix.com.ar\/2023\/wp-json\/wp\/v2\/tags?post=177965"}],"curies":[{"name":"wp","href":"https:\/\/api.w.org\/{rel}","templated":true}]}}