{"id":177976,"date":"2023-07-04T07:06:07","date_gmt":"2023-07-04T07:06:07","guid":{"rendered":"http:\/\/radiofenix.com.ar\/alberto-fernandez-y-lula-presentaran-la-coleccion-de-libros-de-la-unidad-sudamericana-2\/"},"modified":"2023-07-04T07:06:07","modified_gmt":"2023-07-04T07:06:07","slug":"alberto-fernandez-y-lula-presentaran-la-coleccion-de-libros-de-la-unidad-sudamericana-2","status":"publish","type":"post","link":"https:\/\/radiofenix.com.ar\/2023\/alberto-fernandez-y-lula-presentaran-la-coleccion-de-libros-de-la-unidad-sudamericana-2\/","title":{"rendered":"Alberto Fern\u00e1ndez y Lula presentar\u00e1n la colecci\u00f3n de libros de la Unidad Sudamericana"},"content":{"rendered":"<p>La presentaci\u00f3n se realizar\u00e1 la LXII Reuni\u00f3n del Consejo del Mercado Com\u00fan y Cumbre de Jefes y Jefas de Estado del Mercosur y Estados Asociados. El presidente argentino le obsequiar\u00e1 a su par brasile\u00f1o el primer t\u00edtulo de la colecci\u00f3n, \u00abAm\u00e9rica Latina: unidos o dominados\u00bb, de Juan Domingo Per\u00f3n.La presentaci\u00f3n se realizar\u00e1 la LXII Reuni\u00f3n del Consejo del Mercado Com\u00fan y Cumbre de Jefes y Jefas de Estado del Mercosur y Estados Asociados. El presidente argentino le obsequiar\u00e1 a su par brasile\u00f1o el primer t\u00edtulo de la colecci\u00f3n, \u00abAm\u00e9rica Latina: unidos o dominados\u00bb, de Juan Domingo Per\u00f3n.<\/p>\n","protected":false},"excerpt":{"rendered":"<p>La presentaci\u00f3n se realizar\u00e1 la LXII Reuni\u00f3n del Consejo del Mercado Com\u00fan y Cumbre de&#8230;<\/p>\n","protected":false},"author":2,"featured_media":177977,"comment_status":"open","ping_status":"open","sticky":false,"template":"","format":"standard","meta":{"footnotes":""},"categories":[2],"tags":[],"class_list":["post-177976","post","type-post","status-publish","format-standard","has-post-thumbnail","hentry","category-politica"],"featured_image_urls":{"full":"","thumbnail":"","medium":"","medium_large":"","large":"","1536x1536":"","2048x2048":"","newsium-slider-full":"","newsium-featured":"","newsium-medium":""},"author_info":{"info":["c1500921"]},"category_info":"<a href=\"https:\/\/radiofenix.com.ar\/2023\/category\/politica\/\" rel=\"category tag\">Pol\u00edtica<\/a>","tag_info":"Pol\u00edtica","comment_count":"0","_links":{"self":[{"href":"https:\/\/radiofenix.com.ar\/2023\/wp-json\/wp\/v2\/posts\/177976","targetHints":{"allow":["GET"]}}],"collection":[{"href":"https:\/\/radiofenix.com.ar\/2023\/wp-json\/wp\/v2\/posts"}],"about":[{"href":"https:\/\/radiofenix.com.ar\/2023\/wp-json\/wp\/v2\/types\/post"}],"author":[{"embeddable":true,"href":"https:\/\/radiofenix.com.ar\/2023\/wp-json\/wp\/v2\/users\/2"}],"replies":[{"embeddable":true,"href":"https:\/\/radiofenix.com.ar\/2023\/wp-json\/wp\/v2\/comments?post=177976"}],"version-history":[{"count":0,"href":"https:\/\/radiofenix.com.ar\/2023\/wp-json\/wp\/v2\/posts\/177976\/revisions"}],"wp:featuredmedia":[{"embeddable":true,"href":"https:\/\/radiofenix.com.ar\/2023\/wp-json\/"}],"wp:attachment":[{"href":"https:\/\/radiofenix.com.ar\/2023\/wp-json\/wp\/v2\/media?parent=177976"}],"wp:term":[{"taxonomy":"category","embeddable":true,"href":"https:\/\/radiofenix.com.ar\/2023\/wp-json\/wp\/v2\/categories?post=177976"},{"taxonomy":"post_tag","embeddable":true,"href":"https:\/\/radiofenix.com.ar\/2023\/wp-json\/wp\/v2\/tags?post=177976"}],"curies":[{"name":"wp","href":"https:\/\/api.w.org\/{rel}","templated":true}]}}