{"id":177980,"date":"2023-07-04T07:06:09","date_gmt":"2023-07-04T07:06:09","guid":{"rendered":"http:\/\/radiofenix.com.ar\/organizaciones-piqueteras-convocaron-a-una-jornada-de-protesta-en-todo-el-pais-2\/"},"modified":"2023-07-04T07:06:09","modified_gmt":"2023-07-04T07:06:09","slug":"organizaciones-piqueteras-convocaron-a-una-jornada-de-protesta-en-todo-el-pais-2","status":"publish","type":"post","link":"https:\/\/radiofenix.com.ar\/2023\/organizaciones-piqueteras-convocaron-a-una-jornada-de-protesta-en-todo-el-pais-2\/","title":{"rendered":"Organizaciones piqueteras convocaron a una jornada de protesta en todo el pa\u00eds"},"content":{"rendered":"<p>Bajo la consigna de \u00abCon la comida de los pibes no\u00bb, este martes realizar\u00e1n\u00a0cortes de ruta en distintos puntos del pa\u00eds y una movilizaci\u00f3n en la ciudad de Buenos Aires, donde marchar\u00e1n desde el Puente Pueyrred\u00f3n hacia la sede del Ministerio de Desarrollo Social.\u00a0Bajo la consigna de \u00abCon la comida de los pibes no\u00bb, este martes realizar\u00e1n\u00a0cortes de ruta en distintos puntos del pa\u00eds y una movilizaci\u00f3n en la ciudad de Buenos Aires, donde marchar\u00e1n desde el Puente Pueyrred\u00f3n hacia la sede del Ministerio de Desarrollo Social.\u00a0<\/p>\n","protected":false},"excerpt":{"rendered":"<p>Bajo la consigna de \u00abCon la comida de los pibes no\u00bb, este martes realizar\u00e1n\u00a0cortes de&#8230;<\/p>\n","protected":false},"author":2,"featured_media":177981,"comment_status":"open","ping_status":"open","sticky":false,"template":"","format":"standard","meta":{"footnotes":""},"categories":[2],"tags":[],"class_list":["post-177980","post","type-post","status-publish","format-standard","has-post-thumbnail","hentry","category-politica"],"featured_image_urls":{"full":"","thumbnail":"","medium":"","medium_large":"","large":"","1536x1536":"","2048x2048":"","newsium-slider-full":"","newsium-featured":"","newsium-medium":""},"author_info":{"info":["c1500921"]},"category_info":"<a href=\"https:\/\/radiofenix.com.ar\/2023\/category\/politica\/\" rel=\"category tag\">Pol\u00edtica<\/a>","tag_info":"Pol\u00edtica","comment_count":"0","_links":{"self":[{"href":"https:\/\/radiofenix.com.ar\/2023\/wp-json\/wp\/v2\/posts\/177980","targetHints":{"allow":["GET"]}}],"collection":[{"href":"https:\/\/radiofenix.com.ar\/2023\/wp-json\/wp\/v2\/posts"}],"about":[{"href":"https:\/\/radiofenix.com.ar\/2023\/wp-json\/wp\/v2\/types\/post"}],"author":[{"embeddable":true,"href":"https:\/\/radiofenix.com.ar\/2023\/wp-json\/wp\/v2\/users\/2"}],"replies":[{"embeddable":true,"href":"https:\/\/radiofenix.com.ar\/2023\/wp-json\/wp\/v2\/comments?post=177980"}],"version-history":[{"count":0,"href":"https:\/\/radiofenix.com.ar\/2023\/wp-json\/wp\/v2\/posts\/177980\/revisions"}],"wp:featuredmedia":[{"embeddable":true,"href":"https:\/\/radiofenix.com.ar\/2023\/wp-json\/"}],"wp:attachment":[{"href":"https:\/\/radiofenix.com.ar\/2023\/wp-json\/wp\/v2\/media?parent=177980"}],"wp:term":[{"taxonomy":"category","embeddable":true,"href":"https:\/\/radiofenix.com.ar\/2023\/wp-json\/wp\/v2\/categories?post=177980"},{"taxonomy":"post_tag","embeddable":true,"href":"https:\/\/radiofenix.com.ar\/2023\/wp-json\/wp\/v2\/tags?post=177980"}],"curies":[{"name":"wp","href":"https:\/\/api.w.org\/{rel}","templated":true}]}}