{"id":177982,"date":"2023-07-04T07:06:10","date_gmt":"2023-07-04T07:06:10","guid":{"rendered":"http:\/\/radiofenix.com.ar\/los-metrodelegados-anunciaron-paros-rotativos-en-las-seis-lineas-del-subte-y-el-premetro\/"},"modified":"2023-07-04T07:06:10","modified_gmt":"2023-07-04T07:06:10","slug":"los-metrodelegados-anunciaron-paros-rotativos-en-las-seis-lineas-del-subte-y-el-premetro","status":"publish","type":"post","link":"https:\/\/radiofenix.com.ar\/2023\/los-metrodelegados-anunciaron-paros-rotativos-en-las-seis-lineas-del-subte-y-el-premetro\/","title":{"rendered":"Los Metrodelegados anunciaron paros rotativos en las seis l\u00edneas del subte y el Premetro"},"content":{"rendered":"<p>Tras una audiencia en la C\u00e1mara de Diputados, confirmaron que continuar\u00e1n con las medidas de fuerza \u00abpara reducir la exposici\u00f3n al asbesto y la jornada laboral\u00bb. Los cortes se har\u00e1n de 5.30 a 10 en la l\u00ednea E y el Premetro; de 10 a 14.30 en las l\u00edneas A y B; de 14.30 a 19 en las l\u00edneas C y D y de 19 al cierre en la l\u00ednea H.Tras una audiencia en la C\u00e1mara de Diputados, confirmaron que continuar\u00e1n con las medidas de fuerza \u00abpara reducir la exposici\u00f3n al asbesto y la jornada laboral\u00bb. Los cortes se har\u00e1n de 5.30 a 10 en la l\u00ednea E y el Premetro; de 10 a 14.30 en las l\u00edneas A y B; de 14.30 a 19 en las l\u00edneas C y D y de 19 al cierre en la l\u00ednea H.<\/p>\n","protected":false},"excerpt":{"rendered":"<p>Tras una audiencia en la C\u00e1mara de Diputados, confirmaron que continuar\u00e1n con las medidas de&#8230;<\/p>\n","protected":false},"author":2,"featured_media":177983,"comment_status":"open","ping_status":"open","sticky":false,"template":"","format":"standard","meta":{"footnotes":""},"categories":[2],"tags":[],"class_list":["post-177982","post","type-post","status-publish","format-standard","has-post-thumbnail","hentry","category-politica"],"featured_image_urls":{"full":"","thumbnail":"","medium":"","medium_large":"","large":"","1536x1536":"","2048x2048":"","newsium-slider-full":"","newsium-featured":"","newsium-medium":""},"author_info":{"info":["c1500921"]},"category_info":"<a href=\"https:\/\/radiofenix.com.ar\/2023\/category\/politica\/\" rel=\"category tag\">Pol\u00edtica<\/a>","tag_info":"Pol\u00edtica","comment_count":"0","_links":{"self":[{"href":"https:\/\/radiofenix.com.ar\/2023\/wp-json\/wp\/v2\/posts\/177982","targetHints":{"allow":["GET"]}}],"collection":[{"href":"https:\/\/radiofenix.com.ar\/2023\/wp-json\/wp\/v2\/posts"}],"about":[{"href":"https:\/\/radiofenix.com.ar\/2023\/wp-json\/wp\/v2\/types\/post"}],"author":[{"embeddable":true,"href":"https:\/\/radiofenix.com.ar\/2023\/wp-json\/wp\/v2\/users\/2"}],"replies":[{"embeddable":true,"href":"https:\/\/radiofenix.com.ar\/2023\/wp-json\/wp\/v2\/comments?post=177982"}],"version-history":[{"count":0,"href":"https:\/\/radiofenix.com.ar\/2023\/wp-json\/wp\/v2\/posts\/177982\/revisions"}],"wp:featuredmedia":[{"embeddable":true,"href":"https:\/\/radiofenix.com.ar\/2023\/wp-json\/"}],"wp:attachment":[{"href":"https:\/\/radiofenix.com.ar\/2023\/wp-json\/wp\/v2\/media?parent=177982"}],"wp:term":[{"taxonomy":"category","embeddable":true,"href":"https:\/\/radiofenix.com.ar\/2023\/wp-json\/wp\/v2\/categories?post=177982"},{"taxonomy":"post_tag","embeddable":true,"href":"https:\/\/radiofenix.com.ar\/2023\/wp-json\/wp\/v2\/tags?post=177982"}],"curies":[{"name":"wp","href":"https:\/\/api.w.org\/{rel}","templated":true}]}}