{"id":177984,"date":"2023-07-04T07:06:11","date_gmt":"2023-07-04T07:06:11","guid":{"rendered":"http:\/\/radiofenix.com.ar\/fernandez-y-lula-apostaran-a-reducir-las-asimetrias-del-mercosur-mientras-miran-a-la-ue\/"},"modified":"2023-07-04T07:06:11","modified_gmt":"2023-07-04T07:06:11","slug":"fernandez-y-lula-apostaran-a-reducir-las-asimetrias-del-mercosur-mientras-miran-a-la-ue","status":"publish","type":"post","link":"https:\/\/radiofenix.com.ar\/2023\/fernandez-y-lula-apostaran-a-reducir-las-asimetrias-del-mercosur-mientras-miran-a-la-ue\/","title":{"rendered":"Fern\u00e1ndez y Lula apostar\u00e1n a reducir las asimetr\u00edas del Mercosur mientras miran a la UE"},"content":{"rendered":"<p>El presidente argentino encabezar\u00e1 el martes la cumbre de jefes de Estado del Mercosur en el Parque Nacional Iguaz\u00fa, reuni\u00f3n que marcar\u00e1 el regreso del brasile\u00f1o Luiz Inacio Lula da Silva a ese foro.El presidente argentino encabezar\u00e1 el martes la cumbre de jefes de Estado del Mercosur en el Parque Nacional Iguaz\u00fa, reuni\u00f3n que marcar\u00e1 el regreso del brasile\u00f1o Luiz Inacio Lula da Silva a ese foro.<\/p>\n","protected":false},"excerpt":{"rendered":"<p>El presidente argentino encabezar\u00e1 el martes la cumbre de jefes de Estado del Mercosur en&#8230;<\/p>\n","protected":false},"author":2,"featured_media":177985,"comment_status":"open","ping_status":"open","sticky":false,"template":"","format":"standard","meta":{"footnotes":""},"categories":[2],"tags":[],"class_list":["post-177984","post","type-post","status-publish","format-standard","has-post-thumbnail","hentry","category-politica"],"featured_image_urls":{"full":"","thumbnail":"","medium":"","medium_large":"","large":"","1536x1536":"","2048x2048":"","newsium-slider-full":"","newsium-featured":"","newsium-medium":""},"author_info":{"info":["c1500921"]},"category_info":"<a href=\"https:\/\/radiofenix.com.ar\/2023\/category\/politica\/\" rel=\"category tag\">Pol\u00edtica<\/a>","tag_info":"Pol\u00edtica","comment_count":"0","_links":{"self":[{"href":"https:\/\/radiofenix.com.ar\/2023\/wp-json\/wp\/v2\/posts\/177984","targetHints":{"allow":["GET"]}}],"collection":[{"href":"https:\/\/radiofenix.com.ar\/2023\/wp-json\/wp\/v2\/posts"}],"about":[{"href":"https:\/\/radiofenix.com.ar\/2023\/wp-json\/wp\/v2\/types\/post"}],"author":[{"embeddable":true,"href":"https:\/\/radiofenix.com.ar\/2023\/wp-json\/wp\/v2\/users\/2"}],"replies":[{"embeddable":true,"href":"https:\/\/radiofenix.com.ar\/2023\/wp-json\/wp\/v2\/comments?post=177984"}],"version-history":[{"count":0,"href":"https:\/\/radiofenix.com.ar\/2023\/wp-json\/wp\/v2\/posts\/177984\/revisions"}],"wp:featuredmedia":[{"embeddable":true,"href":"https:\/\/radiofenix.com.ar\/2023\/wp-json\/"}],"wp:attachment":[{"href":"https:\/\/radiofenix.com.ar\/2023\/wp-json\/wp\/v2\/media?parent=177984"}],"wp:term":[{"taxonomy":"category","embeddable":true,"href":"https:\/\/radiofenix.com.ar\/2023\/wp-json\/wp\/v2\/categories?post=177984"},{"taxonomy":"post_tag","embeddable":true,"href":"https:\/\/radiofenix.com.ar\/2023\/wp-json\/wp\/v2\/tags?post=177984"}],"curies":[{"name":"wp","href":"https:\/\/api.w.org\/{rel}","templated":true}]}}