{"id":177986,"date":"2023-07-04T07:06:12","date_gmt":"2023-07-04T07:06:12","guid":{"rendered":"http:\/\/radiofenix.com.ar\/beatriz-busaniche-el-voto-electronico-pone-un-velo-de-opacidad-a-los-comicios-en-caba\/"},"modified":"2023-07-04T07:06:12","modified_gmt":"2023-07-04T07:06:12","slug":"beatriz-busaniche-el-voto-electronico-pone-un-velo-de-opacidad-a-los-comicios-en-caba","status":"publish","type":"post","link":"https:\/\/radiofenix.com.ar\/2023\/beatriz-busaniche-el-voto-electronico-pone-un-velo-de-opacidad-a-los-comicios-en-caba\/","title":{"rendered":"Beatriz Busaniche: el voto electr\u00f3nico \u00abpone un velo de opacidad\u00bb a los comicios en CABA"},"content":{"rendered":"<p>La presidenta de la Fundaci\u00f3n V\u00eda Libre present\u00f3 ante la justicia porte\u00f1a un pedido de amparo y otro de medida cautelar para que se suspenda el uso de esa modalidad en la elecci\u00f3n de cargos locales del pr\u00f3ximo 13 de agosto.La presidenta de la Fundaci\u00f3n V\u00eda Libre present\u00f3 ante la justicia porte\u00f1a un pedido de amparo y otro de medida cautelar para que se suspenda el uso de esa modalidad en la elecci\u00f3n de cargos locales del pr\u00f3ximo 13 de agosto.<\/p>\n","protected":false},"excerpt":{"rendered":"<p>La presidenta de la Fundaci\u00f3n V\u00eda Libre present\u00f3 ante la justicia porte\u00f1a un pedido de&#8230;<\/p>\n","protected":false},"author":2,"featured_media":177987,"comment_status":"open","ping_status":"open","sticky":false,"template":"","format":"standard","meta":{"footnotes":""},"categories":[2],"tags":[],"class_list":["post-177986","post","type-post","status-publish","format-standard","has-post-thumbnail","hentry","category-politica"],"featured_image_urls":{"full":"","thumbnail":"","medium":"","medium_large":"","large":"","1536x1536":"","2048x2048":"","newsium-slider-full":"","newsium-featured":"","newsium-medium":""},"author_info":{"info":["c1500921"]},"category_info":"<a href=\"https:\/\/radiofenix.com.ar\/2023\/category\/politica\/\" rel=\"category tag\">Pol\u00edtica<\/a>","tag_info":"Pol\u00edtica","comment_count":"0","_links":{"self":[{"href":"https:\/\/radiofenix.com.ar\/2023\/wp-json\/wp\/v2\/posts\/177986","targetHints":{"allow":["GET"]}}],"collection":[{"href":"https:\/\/radiofenix.com.ar\/2023\/wp-json\/wp\/v2\/posts"}],"about":[{"href":"https:\/\/radiofenix.com.ar\/2023\/wp-json\/wp\/v2\/types\/post"}],"author":[{"embeddable":true,"href":"https:\/\/radiofenix.com.ar\/2023\/wp-json\/wp\/v2\/users\/2"}],"replies":[{"embeddable":true,"href":"https:\/\/radiofenix.com.ar\/2023\/wp-json\/wp\/v2\/comments?post=177986"}],"version-history":[{"count":0,"href":"https:\/\/radiofenix.com.ar\/2023\/wp-json\/wp\/v2\/posts\/177986\/revisions"}],"wp:featuredmedia":[{"embeddable":true,"href":"https:\/\/radiofenix.com.ar\/2023\/wp-json\/"}],"wp:attachment":[{"href":"https:\/\/radiofenix.com.ar\/2023\/wp-json\/wp\/v2\/media?parent=177986"}],"wp:term":[{"taxonomy":"category","embeddable":true,"href":"https:\/\/radiofenix.com.ar\/2023\/wp-json\/wp\/v2\/categories?post=177986"},{"taxonomy":"post_tag","embeddable":true,"href":"https:\/\/radiofenix.com.ar\/2023\/wp-json\/wp\/v2\/tags?post=177986"}],"curies":[{"name":"wp","href":"https:\/\/api.w.org\/{rel}","templated":true}]}}