{"id":177988,"date":"2023-07-04T07:06:12","date_gmt":"2023-07-04T07:06:12","guid":{"rendered":"http:\/\/radiofenix.com.ar\/julian-dominguez-se-suma-al-equipo-de-massa-como-asesor-ad-honorem\/"},"modified":"2023-07-04T07:06:12","modified_gmt":"2023-07-04T07:06:12","slug":"julian-dominguez-se-suma-al-equipo-de-massa-como-asesor-ad-honorem","status":"publish","type":"post","link":"https:\/\/radiofenix.com.ar\/2023\/julian-dominguez-se-suma-al-equipo-de-massa-como-asesor-ad-honorem\/","title":{"rendered":"Juli\u00e1n Dom\u00ednguez se suma al equipo de Massa como asesor ad honorem"},"content":{"rendered":"<p>La llegada del exministro de Agricultura se produce en el marco de las rondas de di\u00e1logo del titular de la cartera de Econom\u00eda, ahora precandidato presidencial por Uni\u00f3n por la Patria.\u00a0La llegada del exministro de Agricultura se produce en el marco de las rondas de di\u00e1logo del titular de la cartera de Econom\u00eda, ahora precandidato presidencial por Uni\u00f3n por la Patria.\u00a0<\/p>\n","protected":false},"excerpt":{"rendered":"<p>La llegada del exministro de Agricultura se produce en el marco de las rondas de&#8230;<\/p>\n","protected":false},"author":2,"featured_media":177989,"comment_status":"open","ping_status":"open","sticky":false,"template":"","format":"standard","meta":{"footnotes":""},"categories":[2],"tags":[],"class_list":["post-177988","post","type-post","status-publish","format-standard","has-post-thumbnail","hentry","category-politica"],"featured_image_urls":{"full":"","thumbnail":"","medium":"","medium_large":"","large":"","1536x1536":"","2048x2048":"","newsium-slider-full":"","newsium-featured":"","newsium-medium":""},"author_info":{"info":["c1500921"]},"category_info":"<a href=\"https:\/\/radiofenix.com.ar\/2023\/category\/politica\/\" rel=\"category tag\">Pol\u00edtica<\/a>","tag_info":"Pol\u00edtica","comment_count":"0","_links":{"self":[{"href":"https:\/\/radiofenix.com.ar\/2023\/wp-json\/wp\/v2\/posts\/177988","targetHints":{"allow":["GET"]}}],"collection":[{"href":"https:\/\/radiofenix.com.ar\/2023\/wp-json\/wp\/v2\/posts"}],"about":[{"href":"https:\/\/radiofenix.com.ar\/2023\/wp-json\/wp\/v2\/types\/post"}],"author":[{"embeddable":true,"href":"https:\/\/radiofenix.com.ar\/2023\/wp-json\/wp\/v2\/users\/2"}],"replies":[{"embeddable":true,"href":"https:\/\/radiofenix.com.ar\/2023\/wp-json\/wp\/v2\/comments?post=177988"}],"version-history":[{"count":0,"href":"https:\/\/radiofenix.com.ar\/2023\/wp-json\/wp\/v2\/posts\/177988\/revisions"}],"wp:featuredmedia":[{"embeddable":true,"href":"https:\/\/radiofenix.com.ar\/2023\/wp-json\/"}],"wp:attachment":[{"href":"https:\/\/radiofenix.com.ar\/2023\/wp-json\/wp\/v2\/media?parent=177988"}],"wp:term":[{"taxonomy":"category","embeddable":true,"href":"https:\/\/radiofenix.com.ar\/2023\/wp-json\/wp\/v2\/categories?post=177988"},{"taxonomy":"post_tag","embeddable":true,"href":"https:\/\/radiofenix.com.ar\/2023\/wp-json\/wp\/v2\/tags?post=177988"}],"curies":[{"name":"wp","href":"https:\/\/api.w.org\/{rel}","templated":true}]}}