{"id":182318,"date":"2023-08-16T00:19:03","date_gmt":"2023-08-16T00:19:03","guid":{"rendered":"http:\/\/radiofenix.com.ar\/?p=182318"},"modified":"2023-08-16T00:19:03","modified_gmt":"2023-08-16T00:19:03","slug":"jornada-de-capacitacion-en-rcp-y-dea-realizada-en-el-cet-atilra","status":"publish","type":"post","link":"https:\/\/radiofenix.com.ar\/2023\/jornada-de-capacitacion-en-rcp-y-dea-realizada-en-el-cet-atilra\/","title":{"rendered":"Jornada de Capacitaci\u00f3n en RCP y DEA, realizada en el CET ATILRA"},"content":{"rendered":"\n<p>Las acciones estuvieron destinadas a la comunidad educativa San Jos\u00e9 de la ciudad de Sunchales. Tuvo participaci\u00f3n el personal docente y no docente, adem\u00e1s de las autoridades de los distintos niveles educativos que ofrece la mencionada instituci\u00f3n.<\/p>\n\n\n\n<p>En el marco de las acciones de vinculaci\u00f3n con la comunidad educativa de Sunchales, y en consonancia con la prioridad que tiene la salud en el proyecto social de ATILRA, Fundaci\u00f3n Atilra organiz\u00f3 el curso de Reanimaci\u00f3n Cardiopulmonar y Desfibrilador Externo Autom\u00e1tico para el equipo directivo y el personal docente y no docente del Complejo Educativo San Jos\u00e9 de la ciudad de Sunchales.<\/p>\n\n\n\n<p>La actividad se desarroll\u00f3 en las instalaciones del CET Atilra el d\u00eda jueves 10 de agosto en distintos horarios, los cuales se adecuaron a las necesidades de los distintos niveles educativos del San Jos\u00e9. De esta manera, las y los responsables del nivel inicial, primario, secundario y superior fueron destinatarios de esta importante capacitaci\u00f3n.<\/p>\n\n\n\n<figure class=\"wp-block-image size-large\"><a href=\"http:\/\/radiofenix.com.ar\/wp-content\/uploads\/2023\/08\/Flyer-2-RCP-y-DEA-Colegio-San-Jose.png\"><img decoding=\"async\" src=\"http:\/\/radiofenix.com.ar\/wp-content\/uploads\/2023\/08\/Flyer-2-RCP-y-DEA-Colegio-San-Jose-840x840.png\" alt=\"\" class=\"wp-image-182319\"\/><\/a><\/figure>\n\n\n\n<p>El equipo de capacitadores estuvo conformado por profesionales de Cl\u00ednica Atila Diez de Septiembre, del Centro Oncol\u00f3gico Sunchales, y docentes del \u00e1mbito de la salud de Fundaci\u00f3n Atilra.<\/p>\n\n\n\n<p>El curso se centr\u00f3 en proporcionar las habilidades pr\u00e1cticas y el conocimiento te\u00f3rico necesario para actuar con confianza y eficacia en casos de asfixia, ataque card\u00edaco y paro cardiorrespiratorio en adult@s, ni\u00f1@s y lactantes. A trav\u00e9s de protocolos actualizados, las y los participantes aprendieron a usar un Desfibrilador Externo Autom\u00e1tico y a realizar las maniobras de reanimaci\u00f3n de asistencia inmediata con los simuladores utilizados para el dictado de carreras universitarias de la salud con los que cuenta Fundaci\u00f3n Atilra.<\/p>\n\n\n\n<p>Los saberes y herramientas impartidos son fundamentales a la hora del trabajo con diferentes grupos de estudiantes, ya que el conocimiento, el orden y la preparaci\u00f3n pueden ayudar a salvar vidas. En este sentido, la directora del secundario, Jorgelina Alassia, comparti\u00f3 sus sensaciones luego de la clase:<\/p>\n\n\n\n<p>\u201cLa capacitaci\u00f3n fue muy buena,super\u00f3 ampliamente las expectativas que ten\u00edamos ya que pudimos aprender y preguntar acerca de otros accidentes que suceden en la escuela para poder afrontarlos\u201d<\/p>\n\n\n\n<p>Su compa\u00f1era vicedirectora, Mar\u00eda Emilia R\u00edos, asegur\u00f3 que <em>\u201cesto es importante para la escuela, para nuestras familias y para la vida diaria.\u201d<\/em><\/p>\n\n\n\n<p>Por \u00faltimo, Betiana Tomatis, parte del equipo directivo del Jard\u00edn San Jos\u00e9, destac\u00f3:<\/p>\n\n\n\n<p>\u201cEstamos muy satisfechos con la jornada, con la calidez humana de los profesionales y con todo lo aprendido, es un conocimiento invaluable al trabajar con ni\u00f1os\u201d.<\/p>\n\n\n\n<figure class=\"wp-block-image size-large\"><a href=\"http:\/\/radiofenix.com.ar\/wp-content\/uploads\/2023\/08\/Historia-RCP-y-DEA-Colegio-San-Jose-copia.jpg\"><img decoding=\"async\" src=\"http:\/\/radiofenix.com.ar\/wp-content\/uploads\/2023\/08\/Historia-RCP-y-DEA-Colegio-San-Jose-copia-473x840.jpg\" alt=\"\" class=\"wp-image-182320\"\/><\/a><\/figure>\n\n\n\n<p>Las autoridades coincidieron en su agradecimiento a Fundaci\u00f3n Atilra por la posibilidad de acceder a esta capacitaci\u00f3n y a la Asociaci\u00f3n de Padres de la Escuela por la convocatoria. Hoy, las y los estudiantes de la comunidad educativa San Jos\u00e9 cuentan con profesionales capacitados para dar respuesta inmediata ante situaciones de emergencia. Desde Fundaci\u00f3n Atilra nos enorgullece proporcionar estos espacios compartidos y trabajar para educar en conocimientos esenciales a la comunidad para que tod@s podamos aportar a la sociedad a trav\u00e9s de la articulaci\u00f3n institucional, la solidaridad y los conocimientos puestos en acci\u00f3n.<\/p>\n","protected":false},"excerpt":{"rendered":"<p>Las acciones estuvieron destinadas a la comunidad educativa San Jos\u00e9 de la ciudad de Sunchales&#8230;.<\/p>\n","protected":false},"author":3,"featured_media":182321,"comment_status":"open","ping_status":"open","sticky":true,"template":"","format":"standard","meta":{"footnotes":""},"categories":[12,13,18],"tags":[8,81,82,83,15,84,19],"class_list":["post-182318","post","type-post","status-publish","format-standard","has-post-thumbnail","hentry","category-destacado","category-educacion","category-regionales","tag-atilra","tag-capacitacion","tag-cet","tag-dea","tag-fundacion-atilra","tag-rcp","tag-sunchales"],"featured_image_urls":{"full":"","thumbnail":"","medium":"","medium_large":"","large":"","1536x1536":"","2048x2048":"","newsium-slider-full":"","newsium-featured":"","newsium-medium":""},"author_info":{"info":["Radio Fenix"]},"category_info":"<a href=\"https:\/\/radiofenix.com.ar\/2023\/category\/destacado\/\" rel=\"category tag\">Destacado<\/a> <a href=\"https:\/\/radiofenix.com.ar\/2023\/category\/educacion\/\" rel=\"category tag\">Educaci\u00f3n<\/a> <a href=\"https:\/\/radiofenix.com.ar\/2023\/category\/regionales\/\" rel=\"category tag\">Regionales<\/a>","tag_info":"Regionales","comment_count":"0","_links":{"self":[{"href":"https:\/\/radiofenix.com.ar\/2023\/wp-json\/wp\/v2\/posts\/182318","targetHints":{"allow":["GET"]}}],"collection":[{"href":"https:\/\/radiofenix.com.ar\/2023\/wp-json\/wp\/v2\/posts"}],"about":[{"href":"https:\/\/radiofenix.com.ar\/2023\/wp-json\/wp\/v2\/types\/post"}],"author":[{"embeddable":true,"href":"https:\/\/radiofenix.com.ar\/2023\/wp-json\/wp\/v2\/users\/3"}],"replies":[{"embeddable":true,"href":"https:\/\/radiofenix.com.ar\/2023\/wp-json\/wp\/v2\/comments?post=182318"}],"version-history":[{"count":0,"href":"https:\/\/radiofenix.com.ar\/2023\/wp-json\/wp\/v2\/posts\/182318\/revisions"}],"wp:featuredmedia":[{"embeddable":true,"href":"https:\/\/radiofenix.com.ar\/2023\/wp-json\/"}],"wp:attachment":[{"href":"https:\/\/radiofenix.com.ar\/2023\/wp-json\/wp\/v2\/media?parent=182318"}],"wp:term":[{"taxonomy":"category","embeddable":true,"href":"https:\/\/radiofenix.com.ar\/2023\/wp-json\/wp\/v2\/categories?post=182318"},{"taxonomy":"post_tag","embeddable":true,"href":"https:\/\/radiofenix.com.ar\/2023\/wp-json\/wp\/v2\/tags?post=182318"}],"curies":[{"name":"wp","href":"https:\/\/api.w.org\/{rel}","templated":true}]}}