{"id":182323,"date":"2023-08-16T00:23:51","date_gmt":"2023-08-16T00:23:51","guid":{"rendered":"http:\/\/radiofenix.com.ar\/?p=182323"},"modified":"2023-11-15T19:36:38","modified_gmt":"2023-11-15T19:36:38","slug":"el-taller-de-restauracion-de-muebles-llega-a-nuestras-aulas","status":"publish","type":"post","link":"https:\/\/radiofenix.com.ar\/2023\/el-taller-de-restauracion-de-muebles-llega-a-nuestras-aulas\/","title":{"rendered":"El TALLER DE RESTAURACI\u00d3N DE MUEBLES* llega a nuestras aulas"},"content":{"rendered":"\n<p>De la mano de Carla Bellini nos adentraremos en el mundo de la restauraci\u00f3n, d\u00e1ndole dale vida a obras \u00fanicas y una segunda oportunidad a tus muebles y objetos de decoraci\u00f3n.\u00a0<br>Sumate a esta NUEVA PROPUESTA y aprende t\u00e9cnicas y tips profesionales para transformar muebles antiguos en aut\u00e9nticas obras maestras\u00a0<img decoding=\"async\" alt=\"&#x1f6e0;&#xfe0f;\" src=\"https:\/\/fonts.gstatic.com\/s\/e\/notoemoji\/15.0\/1f6e0_fe0f\/32.png\"><img decoding=\"async\" alt=\"&#x1f4ab;\" src=\"https:\/\/fonts.gstatic.com\/s\/e\/notoemoji\/15.0\/1f4ab\/32.png\"><br>\u00a0PREINSCRIBITE para formar parte de esta experiencia creativa.\u00a0<br>Pod\u00e9s seleccionar entre turno ma\u00f1ana y tarde.\u00a0Acercate al CET Atilra Sunchales \u2013 RN 34 km 262Comunicate al\u00a0 03493 454541\/42 o por WhatsApp | +54 9 3493 664317<br>Record\u00e1 que\u00a0<img decoding=\"async\" alt=\"&#x1f449;\" src=\"https:\/\/fonts.gstatic.com\/s\/e\/notoemoji\/15.0\/1f449\/32.png\">\u00a0LOS CUPOS SON LIMITADOS\u00a0<img decoding=\"async\" alt=\"&#x26a0;\" src=\"https:\/\/fonts.gstatic.com\/s\/e\/notoemoji\/15.0\/26a0\/32.png\">*Actividad Arancelada > Precios especiales para afiliados\/as y empleados\/as.\u00a0<\/p>\n\n\n\n<figure class=\"wp-block-image size-large\"><a href=\"http:\/\/radiofenix.com.ar\/wp-content\/uploads\/2023\/08\/Flyer-2-Restauracion-de-Muebles.png\"><img decoding=\"async\" src=\"http:\/\/radiofenix.com.ar\/wp-content\/uploads\/2023\/08\/Flyer-2-Restauracion-de-Muebles-840x840.png\" alt=\"\" class=\"wp-image-182325\"\/><\/a><\/figure>\n","protected":false},"excerpt":{"rendered":"<p>De la mano de Carla Bellini nos adentraremos en el mundo de la restauraci\u00f3n, d\u00e1ndole&#8230;<\/p>\n","protected":false},"author":3,"featured_media":191522,"comment_status":"open","ping_status":"open","sticky":true,"template":"","format":"standard","meta":{"footnotes":""},"categories":[12,13,18],"tags":[85,86,87,88,89,90,91],"class_list":["post-182323","post","type-post","status-publish","format-standard","has-post-thumbnail","hentry","category-destacado","category-educacion","category-regionales","tag-arteenmadera","tag-arteydecoracion","tag-cetatilra","tag-creatividad","tag-cursopresencial","tag-mueblesrenovados","tag-restauraciondemuebles"],"featured_image_urls":{"full":["https:\/\/radiofenix.com.ar\/2023\/wp-content\/uploads\/2023\/08\/10.png",840,840,false],"thumbnail":["https:\/\/radiofenix.com.ar\/2023\/wp-content\/uploads\/2023\/08\/10-150x150.png",150,150,true],"medium":["https:\/\/radiofenix.com.ar\/2023\/wp-content\/uploads\/2023\/08\/10-300x300.png",300,300,true],"medium_large":["https:\/\/radiofenix.com.ar\/2023\/wp-content\/uploads\/2023\/08\/10-768x768.png",640,640,true],"large":["https:\/\/radiofenix.com.ar\/2023\/wp-content\/uploads\/2023\/08\/10.png",640,640,false],"1536x1536":["https:\/\/radiofenix.com.ar\/2023\/wp-content\/uploads\/2023\/08\/10.png",840,840,false],"2048x2048":["https:\/\/radiofenix.com.ar\/2023\/wp-content\/uploads\/2023\/08\/10.png",840,840,false],"newsium-slider-full":["https:\/\/radiofenix.com.ar\/2023\/wp-content\/uploads\/2023\/08\/10.png",840,840,false],"newsium-featured":["https:\/\/radiofenix.com.ar\/2023\/wp-content\/uploads\/2023\/08\/10.png",840,840,false],"newsium-medium":["https:\/\/radiofenix.com.ar\/2023\/wp-content\/uploads\/2023\/08\/10-720x475.png",720,475,true]},"author_info":{"info":["Radio Fenix"]},"category_info":"<a href=\"https:\/\/radiofenix.com.ar\/2023\/category\/destacado\/\" rel=\"category tag\">Destacado<\/a> <a href=\"https:\/\/radiofenix.com.ar\/2023\/category\/educacion\/\" rel=\"category tag\">Educaci\u00f3n<\/a> <a href=\"https:\/\/radiofenix.com.ar\/2023\/category\/regionales\/\" rel=\"category tag\">Regionales<\/a>","tag_info":"Regionales","comment_count":"0","_links":{"self":[{"href":"https:\/\/radiofenix.com.ar\/2023\/wp-json\/wp\/v2\/posts\/182323","targetHints":{"allow":["GET"]}}],"collection":[{"href":"https:\/\/radiofenix.com.ar\/2023\/wp-json\/wp\/v2\/posts"}],"about":[{"href":"https:\/\/radiofenix.com.ar\/2023\/wp-json\/wp\/v2\/types\/post"}],"author":[{"embeddable":true,"href":"https:\/\/radiofenix.com.ar\/2023\/wp-json\/wp\/v2\/users\/3"}],"replies":[{"embeddable":true,"href":"https:\/\/radiofenix.com.ar\/2023\/wp-json\/wp\/v2\/comments?post=182323"}],"version-history":[{"count":1,"href":"https:\/\/radiofenix.com.ar\/2023\/wp-json\/wp\/v2\/posts\/182323\/revisions"}],"predecessor-version":[{"id":191523,"href":"https:\/\/radiofenix.com.ar\/2023\/wp-json\/wp\/v2\/posts\/182323\/revisions\/191523"}],"wp:featuredmedia":[{"embeddable":true,"href":"https:\/\/radiofenix.com.ar\/2023\/wp-json\/wp\/v2\/media\/191522"}],"wp:attachment":[{"href":"https:\/\/radiofenix.com.ar\/2023\/wp-json\/wp\/v2\/media?parent=182323"}],"wp:term":[{"taxonomy":"category","embeddable":true,"href":"https:\/\/radiofenix.com.ar\/2023\/wp-json\/wp\/v2\/categories?post=182323"},{"taxonomy":"post_tag","embeddable":true,"href":"https:\/\/radiofenix.com.ar\/2023\/wp-json\/wp\/v2\/tags?post=182323"}],"curies":[{"name":"wp","href":"https:\/\/api.w.org\/{rel}","templated":true}]}}