{"id":182343,"date":"2023-08-16T02:59:10","date_gmt":"2023-08-16T02:59:10","guid":{"rendered":"http:\/\/radiofenix.com.ar\/?p=182343"},"modified":"2023-11-15T19:36:41","modified_gmt":"2023-11-15T19:36:41","slug":"el-senador-michlig-y-el-diputado-gonzalez-visitaron-las-localidades-de-capivara-y-santurce","status":"publish","type":"post","link":"https:\/\/radiofenix.com.ar\/2023\/el-senador-michlig-y-el-diputado-gonzalez-visitaron-las-localidades-de-capivara-y-santurce\/","title":{"rendered":"El Senador Michlig y el Diputado Gonz\u00e1lez visitaron las localidades de Capivara y Santurce"},"content":{"rendered":"\n<p>Este martes el Senador Felipe Michlig, el Diputado Marcelo Gonz\u00e1lez y la candidata a senadora suplente Mar\u00eda Paula Salari visitaron las localidades de Capivara y Santurce en donde se reunieron con autoridades locales, visitaron instituciones educativas y entregaron elementos de fortalecimiento institucional.<\/p>\n\n\n\n<p>\u201cPese a la dura situaci\u00f3n seguimos tratando de fortalecer a todas las instituciones de todas las comunidades para que ninguna detenga su marcha, alentando a cumplir objetivos por m\u00e1s peque\u00f1os que sean, pero siempre tirando para adelante. Hoy pudimos ayudar instituciones educativas y deportivas que son eslabones fundamentales del desarrollo social, aunque hoy tengamos un gobierno provincial ausente que parece que no darse cuenta de tal importancia\u201d, sostuvo el Senador Michlig<\/p>\n\n\n\n<p><strong><u>Capivara<\/u><\/strong><\/p>\n\n\n\n<p>En Capivara junto a la Pe. Comunal Adriana C\u00f3rdoba visitaron la Escuela primaria N\u00b01022 \u00abDomingo F. Sarmiento donde tambi\u00e9n funciona el N\u00facleo Rural secundario E.S.O N\u00b04339. All\u00ed fueron recibidos por la Directora de la Escuela Silvia Brillada y el Coordinador del n\u00facleo Germ\u00e1n Barcel\u00f3.<\/p>\n\n\n\n<p>En la oportunidad se hizo entrega de una cortadora de pasto a explosi\u00f3n 4 tiempos marca EVEREST de 145 cc, que hab\u00edan solicitado en la anterior visita, que hicieron los legisladores presentes junto a Maximiliano Pullaro. Asimismo, en el marco del Programa Departamental +Deportes entregaron pelotas de f\u00fatbol, b\u00e1squet y v\u00f3ley para la educaci\u00f3n f\u00edsica de los escolares.<\/p>\n\n\n\n<p>Por otra parte, entregaron un aporte econ\u00f3mico a la academia de danzas folcl\u00f3ricas \u00abatravesando sue\u00f1os\u00bb, que fue recibido por Sebasti\u00e1n Ferrer y Marcela Scudalletti quienes son profesores de la academia, quienes agradecieron la ayuda de los legisladores y la Pte. Comunal para realizar un viaje en el mes de julio a Las Rosas donde se realiz\u00f3 el festival nacional de danzas folcl\u00f3ricas y \u201clos chicos pudieron cumplir un sue\u00f1o y demostrar todo su arte\u201d, expres\u00f3 Ferrer.<\/p>\n\n\n\n<figure class=\"wp-block-gallery columns-2 is-cropped wp-block-gallery-1 is-layout-flex wp-block-gallery-is-layout-flex\"><ul class=\"blocks-gallery-grid\"><li class=\"blocks-gallery-item\"><figure><a href=\"http:\/\/radiofenix.com.ar\/wp-content\/uploads\/2023\/08\/capivara-esc-sarm.jpg\"><img decoding=\"async\" src=\"http:\/\/radiofenix.com.ar\/wp-content\/uploads\/2023\/08\/capivara-esc-sarm-840x473.jpg\" alt=\"\" data-id=\"182344\" data-full-url=\"http:\/\/radiofenix.com.ar\/wp-content\/uploads\/2023\/08\/capivara-esc-sarm.jpg\" data-link=\"http:\/\/radiofenix.com.ar\/?attachment_id=182344\" class=\"wp-image-182344\"\/><\/a><\/figure><\/li><li class=\"blocks-gallery-item\"><figure><a href=\"http:\/\/radiofenix.com.ar\/wp-content\/uploads\/2023\/08\/capivara-esc-dep.jpg\"><img decoding=\"async\" src=\"http:\/\/radiofenix.com.ar\/wp-content\/uploads\/2023\/08\/capivara-esc-dep-840x473.jpg\" alt=\"\" data-id=\"182345\" data-full-url=\"http:\/\/radiofenix.com.ar\/wp-content\/uploads\/2023\/08\/capivara-esc-dep.jpg\" data-link=\"http:\/\/radiofenix.com.ar\/?attachment_id=182345\" class=\"wp-image-182345\"\/><\/a><\/figure><\/li><\/ul><\/figure>\n\n\n\n<p><strong><u>Santurce<\/u><\/strong><\/p>\n\n\n\n<p>En Santurce junto al Presidente Comunal Fernando Nieva concurrieron al Club Deportivo Santurce en donde entregaron pelotas, conos, tortuguitas, juego de red, escaleritas y pelotas de f\u00fatbol. Asimismo, colaboraron con los trofeos que ser\u00e1n utilizados para el torneo libre que se realiza en el pueblo en marco de las Fiestas Patronales.<\/p>\n\n\n\n<p>El Diputado Gonz\u00e1lez destac\u00f3 el trabajo comprometido de los directivos de las instituciones que son los que est\u00e1n en lo cotidiano lidiando con todo tipo de necesidades y no bajan los brazos para encontrar soluciones, por eso a ellos nos debemos\u201d.<\/p>\n\n\n\n<p>Martes, 15 de agosto de 2023.<\/p>\n\n\n\n<figure class=\"wp-block-gallery columns-2 is-cropped wp-block-gallery-2 is-layout-flex wp-block-gallery-is-layout-flex\"><ul class=\"blocks-gallery-grid\"><li class=\"blocks-gallery-item\"><figure><a href=\"http:\/\/radiofenix.com.ar\/wp-content\/uploads\/2023\/08\/santurce-dep-esc.jpg\"><img decoding=\"async\" src=\"http:\/\/radiofenix.com.ar\/wp-content\/uploads\/2023\/08\/santurce-dep-esc-840x473.jpg\" alt=\"\" data-id=\"182346\" data-full-url=\"http:\/\/radiofenix.com.ar\/wp-content\/uploads\/2023\/08\/santurce-dep-esc.jpg\" data-link=\"http:\/\/radiofenix.com.ar\/?attachment_id=182346\" class=\"wp-image-182346\"\/><\/a><\/figure><\/li><li class=\"blocks-gallery-item\"><figure><a href=\"http:\/\/radiofenix.com.ar\/wp-content\/uploads\/2023\/08\/santurce-dep.jpg\"><img decoding=\"async\" src=\"http:\/\/radiofenix.com.ar\/wp-content\/uploads\/2023\/08\/santurce-dep-840x473.jpg\" alt=\"\" data-id=\"182347\" data-full-url=\"http:\/\/radiofenix.com.ar\/wp-content\/uploads\/2023\/08\/santurce-dep.jpg\" data-link=\"http:\/\/radiofenix.com.ar\/?attachment_id=182347\" class=\"wp-image-182347\"\/><\/a><\/figure><\/li><\/ul><\/figure>\n","protected":false},"excerpt":{"rendered":"<p>Este martes el Senador Felipe Michlig, el Diputado Marcelo Gonz\u00e1lez y la candidata a senadora&#8230;<\/p>\n","protected":false},"author":3,"featured_media":191518,"comment_status":"open","ping_status":"open","sticky":true,"template":"","format":"standard","meta":{"footnotes":""},"categories":[12,2,18],"tags":[20,22,57,25,26],"class_list":["post-182343","post","type-post","status-publish","format-standard","has-post-thumbnail","hentry","category-destacado","category-politica","category-regionales","tag-aportes","tag-felipe-michlig","tag-marcelo-gonzalez","tag-san-cristobal-2","tag-senadores"],"featured_image_urls":{"full":["https:\/\/radiofenix.com.ar\/2023\/wp-content\/uploads\/2023\/08\/8.jpg",840,473,false],"thumbnail":["https:\/\/radiofenix.com.ar\/2023\/wp-content\/uploads\/2023\/08\/8-150x150.jpg",150,150,true],"medium":["https:\/\/radiofenix.com.ar\/2023\/wp-content\/uploads\/2023\/08\/8-300x169.jpg",300,169,true],"medium_large":["https:\/\/radiofenix.com.ar\/2023\/wp-content\/uploads\/2023\/08\/8-768x432.jpg",640,360,true],"large":["https:\/\/radiofenix.com.ar\/2023\/wp-content\/uploads\/2023\/08\/8.jpg",640,360,false],"1536x1536":["https:\/\/radiofenix.com.ar\/2023\/wp-content\/uploads\/2023\/08\/8.jpg",840,473,false],"2048x2048":["https:\/\/radiofenix.com.ar\/2023\/wp-content\/uploads\/2023\/08\/8.jpg",840,473,false],"newsium-slider-full":["https:\/\/radiofenix.com.ar\/2023\/wp-content\/uploads\/2023\/08\/8.jpg",840,473,false],"newsium-featured":["https:\/\/radiofenix.com.ar\/2023\/wp-content\/uploads\/2023\/08\/8.jpg",840,473,false],"newsium-medium":["https:\/\/radiofenix.com.ar\/2023\/wp-content\/uploads\/2023\/08\/8-720x473.jpg",720,473,true]},"author_info":{"info":["Radio Fenix"]},"category_info":"<a href=\"https:\/\/radiofenix.com.ar\/2023\/category\/destacado\/\" rel=\"category tag\">Destacado<\/a> <a href=\"https:\/\/radiofenix.com.ar\/2023\/category\/politica\/\" rel=\"category tag\">Pol\u00edtica<\/a> <a href=\"https:\/\/radiofenix.com.ar\/2023\/category\/regionales\/\" rel=\"category tag\">Regionales<\/a>","tag_info":"Regionales","comment_count":"0","_links":{"self":[{"href":"https:\/\/radiofenix.com.ar\/2023\/wp-json\/wp\/v2\/posts\/182343","targetHints":{"allow":["GET"]}}],"collection":[{"href":"https:\/\/radiofenix.com.ar\/2023\/wp-json\/wp\/v2\/posts"}],"about":[{"href":"https:\/\/radiofenix.com.ar\/2023\/wp-json\/wp\/v2\/types\/post"}],"author":[{"embeddable":true,"href":"https:\/\/radiofenix.com.ar\/2023\/wp-json\/wp\/v2\/users\/3"}],"replies":[{"embeddable":true,"href":"https:\/\/radiofenix.com.ar\/2023\/wp-json\/wp\/v2\/comments?post=182343"}],"version-history":[{"count":1,"href":"https:\/\/radiofenix.com.ar\/2023\/wp-json\/wp\/v2\/posts\/182343\/revisions"}],"predecessor-version":[{"id":191519,"href":"https:\/\/radiofenix.com.ar\/2023\/wp-json\/wp\/v2\/posts\/182343\/revisions\/191519"}],"wp:featuredmedia":[{"embeddable":true,"href":"https:\/\/radiofenix.com.ar\/2023\/wp-json\/wp\/v2\/media\/191518"}],"wp:attachment":[{"href":"https:\/\/radiofenix.com.ar\/2023\/wp-json\/wp\/v2\/media?parent=182343"}],"wp:term":[{"taxonomy":"category","embeddable":true,"href":"https:\/\/radiofenix.com.ar\/2023\/wp-json\/wp\/v2\/categories?post=182343"},{"taxonomy":"post_tag","embeddable":true,"href":"https:\/\/radiofenix.com.ar\/2023\/wp-json\/wp\/v2\/tags?post=182343"}],"curies":[{"name":"wp","href":"https:\/\/api.w.org\/{rel}","templated":true}]}}