{"id":182406,"date":"2023-08-16T01:15:00","date_gmt":"2023-08-16T01:15:00","guid":{"rendered":"http:\/\/radiofenix.com.ar\/el-gobierno-anuncio-un-nuevo-acuerdo-de-precios-por-90-dias\/"},"modified":"2023-08-16T01:15:00","modified_gmt":"2023-08-16T01:15:00","slug":"el-gobierno-anuncio-un-nuevo-acuerdo-de-precios-por-90-dias","status":"publish","type":"post","link":"https:\/\/radiofenix.com.ar\/2023\/el-gobierno-anuncio-un-nuevo-acuerdo-de-precios-por-90-dias\/","title":{"rendered":"El Gobierno anunci\u00f3 un nuevo acuerdo de precios por 90 d\u00edas"},"content":{"rendered":"<p>El anuncio estuvo a cargo del titular de la flamante Unidad de Renegociaci\u00f3n de Precios y director general de Aduanas, Guillermo Michel, quien explic\u00f3 que se van a establecer \u00abmecanismos de alivio fiscal para que las empresas no trasladen a precios la variaci\u00f3n del tipo de cambio\u00bb.<\/p>\n","protected":false},"excerpt":{"rendered":"<p>El anuncio estuvo a cargo del titular de la flamante Unidad de Renegociaci\u00f3n de Precios&#8230;<\/p>\n","protected":false},"author":2,"featured_media":182407,"comment_status":"open","ping_status":"open","sticky":false,"template":"","format":"standard","meta":{"footnotes":""},"categories":[5],"tags":[],"class_list":["post-182406","post","type-post","status-publish","format-standard","has-post-thumbnail","hentry","category-economia"],"featured_image_urls":{"full":"","thumbnail":"","medium":"","medium_large":"","large":"","1536x1536":"","2048x2048":"","newsium-slider-full":"","newsium-featured":"","newsium-medium":""},"author_info":{"info":["c1500921"]},"category_info":"<a href=\"https:\/\/radiofenix.com.ar\/2023\/category\/economia\/\" rel=\"category tag\">Economia<\/a>","tag_info":"Economia","comment_count":"0","_links":{"self":[{"href":"https:\/\/radiofenix.com.ar\/2023\/wp-json\/wp\/v2\/posts\/182406","targetHints":{"allow":["GET"]}}],"collection":[{"href":"https:\/\/radiofenix.com.ar\/2023\/wp-json\/wp\/v2\/posts"}],"about":[{"href":"https:\/\/radiofenix.com.ar\/2023\/wp-json\/wp\/v2\/types\/post"}],"author":[{"embeddable":true,"href":"https:\/\/radiofenix.com.ar\/2023\/wp-json\/wp\/v2\/users\/2"}],"replies":[{"embeddable":true,"href":"https:\/\/radiofenix.com.ar\/2023\/wp-json\/wp\/v2\/comments?post=182406"}],"version-history":[{"count":0,"href":"https:\/\/radiofenix.com.ar\/2023\/wp-json\/wp\/v2\/posts\/182406\/revisions"}],"wp:featuredmedia":[{"embeddable":true,"href":"https:\/\/radiofenix.com.ar\/2023\/wp-json\/"}],"wp:attachment":[{"href":"https:\/\/radiofenix.com.ar\/2023\/wp-json\/wp\/v2\/media?parent=182406"}],"wp:term":[{"taxonomy":"category","embeddable":true,"href":"https:\/\/radiofenix.com.ar\/2023\/wp-json\/wp\/v2\/categories?post=182406"},{"taxonomy":"post_tag","embeddable":true,"href":"https:\/\/radiofenix.com.ar\/2023\/wp-json\/wp\/v2\/tags?post=182406"}],"curies":[{"name":"wp","href":"https:\/\/api.w.org\/{rel}","templated":true}]}}