{"id":182586,"date":"2023-08-18T01:08:18","date_gmt":"2023-08-18T01:08:18","guid":{"rendered":"http:\/\/radiofenix.com.ar\/?p=182586"},"modified":"2023-11-15T19:36:42","modified_gmt":"2023-11-15T19:36:42","slug":"39-encuentro-nacional-de-fofetra-iii-congreso-provincial-de-derecho-del-trabajo","status":"publish","type":"post","link":"https:\/\/radiofenix.com.ar\/2023\/39-encuentro-nacional-de-fofetra-iii-congreso-provincial-de-derecho-del-trabajo\/","title":{"rendered":"39\u00b0 ENCUENTRO NACIONAL DE FOFETRA &#8211; III CONGRESO PROVINCIAL DE DERECHO DEL TRABAJO"},"content":{"rendered":"\n<p>Atilra, acompa\u00f1a e invita a participar del 39\u00b0 ENCUENTRO NACIONAL DE FOFETRA &#8211; \u00a0III CONGRESO PROVINCIAL DE DERECHO DEL TRABAJO a desarrollarse los d\u00edas 24 y 25 de Agosto en la ciudad de San Juan.<br>Este foro de abogad@s contar\u00e1 con la participaci\u00f3n de profesionales y personalidades que disertar\u00e1n en torno al derecho laboral y temas que de ello se desprende, incluyendo a F\u00e1tima Baz\u00e1n, Gerenta Administrativa de Fundaci\u00f3n Atilra, entidad que obra en materia de educaci\u00f3n y cultura bajo la membres\u00eda del Gremio de las y los Trabajadores de la Industria Lechera de la Rep\u00fablica Argentina.\u00a0<br>Desde el a\u00f1o 2009 desempe\u00f1a su labor, en primera instancia desde su trabajo en el Centro de Formaci\u00f3n Profesional Sunchales dando continuidad y aportando, en estos casi 14 a\u00f1os, al proyecto educativo y social que Atilra viene llevando a cabo.\u00a0<br>En materia de g\u00e9nero, a trav\u00e9s de la articulaci\u00f3n con la UNVM y el acompa\u00f1amiento del gremio, ha desarrollado gestiones para la capacitaci\u00f3n y posterior concreci\u00f3n de un protocolo de g\u00e9nero para afilid@s y trabajad@s de Atilra; adem\u00e1s de desarrollar eventos y actividades en pos del emponderamiento, la visibilizaci\u00f3n y valoraci\u00f3n del rol de las mujeres y diversidades, entre otras actividades que se alinean en ese sentido.<br>Junto a Diego Guirado, se presentar\u00e1 en el panel del\u00a0 24\/08 a las 19hs. que contemplar\u00e1 temas como:<\/p>\n\n\n\n<p><img decoding=\"async\" alt=\"&#x2705;\" src=\"https:\/\/fonts.gstatic.com\/s\/e\/notoemoji\/15.0\/2705\/32.png\"> Prevenci\u00f3n<\/p>\n\n\n\n<p><img decoding=\"async\" alt=\"&#x2705;\" src=\"https:\/\/fonts.gstatic.com\/s\/e\/notoemoji\/15.0\/2705\/32.png\"> Implementaci\u00f3n de Protocolos, importancia del rol a desempe\u00f1ar por los Sindicatos<br><\/p>\n\n\n\n<p>INSCRIBITE HOY ingresando al siguiente link\u00a0<a rel=\"noreferrer noopener\" href=\"http:\/\/bit.ly\/39FOFETRA\" target=\"_blank\">http:\/\/bit.ly\/39FOFETRA<\/a>Actividad Arancelada.<br><\/p>\n\n\n\n<p>ORGANIZA: FOFETRA \u2013 Foro de Abogados de San Juan \u2013 Instituto de Derecho Laboral<\/p>\n\n\n\n<p>ACOMPA\u00d1A E INVITA: Atilra<\/p>\n\n\n\n<figure class=\"wp-block-gallery columns-2 is-cropped wp-block-gallery-1 is-layout-flex wp-block-gallery-is-layout-flex\"><ul class=\"blocks-gallery-grid\"><li class=\"blocks-gallery-item\"><figure><a href=\"http:\/\/radiofenix.com.ar\/wp-content\/uploads\/2023\/08\/39-Encuentro-Nacional-de-FOFETRA.IG2_.jpg\"><img decoding=\"async\" src=\"http:\/\/radiofenix.com.ar\/wp-content\/uploads\/2023\/08\/39-Encuentro-Nacional-de-FOFETRA.IG2_-840x840.jpg\" alt=\"\" data-id=\"182588\" data-full-url=\"http:\/\/radiofenix.com.ar\/wp-content\/uploads\/2023\/08\/39-Encuentro-Nacional-de-FOFETRA.IG2_.jpg\" data-link=\"http:\/\/radiofenix.com.ar\/?attachment_id=182588\" class=\"wp-image-182588\"\/><\/a><\/figure><\/li><li class=\"blocks-gallery-item\"><figure><a href=\"http:\/\/radiofenix.com.ar\/wp-content\/uploads\/2023\/08\/39-Encuentro-Nacional-de-FOFETRA.IG3_.jpg\"><img decoding=\"async\" src=\"http:\/\/radiofenix.com.ar\/wp-content\/uploads\/2023\/08\/39-Encuentro-Nacional-de-FOFETRA.IG3_-840x840.jpg\" alt=\"\" data-id=\"182589\" data-full-url=\"http:\/\/radiofenix.com.ar\/wp-content\/uploads\/2023\/08\/39-Encuentro-Nacional-de-FOFETRA.IG3_.jpg\" data-link=\"http:\/\/radiofenix.com.ar\/?attachment_id=182589\" class=\"wp-image-182589\"\/><\/a><\/figure><\/li><\/ul><\/figure>\n","protected":false},"excerpt":{"rendered":"<p>Atilra, acompa\u00f1a e invita a participar del 39\u00b0 ENCUENTRO NACIONAL DE FOFETRA &#8211; \u00a0III CONGRESO&#8230;<\/p>\n","protected":false},"author":3,"featured_media":191516,"comment_status":"open","ping_status":"open","sticky":true,"template":"","format":"standard","meta":{"footnotes":""},"categories":[12,13,18],"tags":[8,67,92,93,94,95,96,19],"class_list":["post-182586","post","type-post","status-publish","format-standard","has-post-thumbnail","hentry","category-destacado","category-educacion","category-regionales","tag-atilra","tag-cet-atilra","tag-derecho-del-trabajo","tag-derecho-laboral","tag-fofetra","tag-foro","tag-fundacion-atilra-2","tag-sunchales"],"featured_image_urls":{"full":["https:\/\/radiofenix.com.ar\/2023\/wp-content\/uploads\/2023\/08\/7.jpg",840,840,false],"thumbnail":["https:\/\/radiofenix.com.ar\/2023\/wp-content\/uploads\/2023\/08\/7-150x150.jpg",150,150,true],"medium":["https:\/\/radiofenix.com.ar\/2023\/wp-content\/uploads\/2023\/08\/7-300x300.jpg",300,300,true],"medium_large":["https:\/\/radiofenix.com.ar\/2023\/wp-content\/uploads\/2023\/08\/7-768x768.jpg",640,640,true],"large":["https:\/\/radiofenix.com.ar\/2023\/wp-content\/uploads\/2023\/08\/7.jpg",640,640,false],"1536x1536":["https:\/\/radiofenix.com.ar\/2023\/wp-content\/uploads\/2023\/08\/7.jpg",840,840,false],"2048x2048":["https:\/\/radiofenix.com.ar\/2023\/wp-content\/uploads\/2023\/08\/7.jpg",840,840,false],"newsium-slider-full":["https:\/\/radiofenix.com.ar\/2023\/wp-content\/uploads\/2023\/08\/7.jpg",840,840,false],"newsium-featured":["https:\/\/radiofenix.com.ar\/2023\/wp-content\/uploads\/2023\/08\/7.jpg",840,840,false],"newsium-medium":["https:\/\/radiofenix.com.ar\/2023\/wp-content\/uploads\/2023\/08\/7-720x475.jpg",720,475,true]},"author_info":{"info":["Radio Fenix"]},"category_info":"<a href=\"https:\/\/radiofenix.com.ar\/2023\/category\/destacado\/\" rel=\"category tag\">Destacado<\/a> <a href=\"https:\/\/radiofenix.com.ar\/2023\/category\/educacion\/\" rel=\"category tag\">Educaci\u00f3n<\/a> <a href=\"https:\/\/radiofenix.com.ar\/2023\/category\/regionales\/\" rel=\"category tag\">Regionales<\/a>","tag_info":"Regionales","comment_count":"0","_links":{"self":[{"href":"https:\/\/radiofenix.com.ar\/2023\/wp-json\/wp\/v2\/posts\/182586","targetHints":{"allow":["GET"]}}],"collection":[{"href":"https:\/\/radiofenix.com.ar\/2023\/wp-json\/wp\/v2\/posts"}],"about":[{"href":"https:\/\/radiofenix.com.ar\/2023\/wp-json\/wp\/v2\/types\/post"}],"author":[{"embeddable":true,"href":"https:\/\/radiofenix.com.ar\/2023\/wp-json\/wp\/v2\/users\/3"}],"replies":[{"embeddable":true,"href":"https:\/\/radiofenix.com.ar\/2023\/wp-json\/wp\/v2\/comments?post=182586"}],"version-history":[{"count":1,"href":"https:\/\/radiofenix.com.ar\/2023\/wp-json\/wp\/v2\/posts\/182586\/revisions"}],"predecessor-version":[{"id":191517,"href":"https:\/\/radiofenix.com.ar\/2023\/wp-json\/wp\/v2\/posts\/182586\/revisions\/191517"}],"wp:featuredmedia":[{"embeddable":true,"href":"https:\/\/radiofenix.com.ar\/2023\/wp-json\/wp\/v2\/media\/191516"}],"wp:attachment":[{"href":"https:\/\/radiofenix.com.ar\/2023\/wp-json\/wp\/v2\/media?parent=182586"}],"wp:term":[{"taxonomy":"category","embeddable":true,"href":"https:\/\/radiofenix.com.ar\/2023\/wp-json\/wp\/v2\/categories?post=182586"},{"taxonomy":"post_tag","embeddable":true,"href":"https:\/\/radiofenix.com.ar\/2023\/wp-json\/wp\/v2\/tags?post=182586"}],"curies":[{"name":"wp","href":"https:\/\/api.w.org\/{rel}","templated":true}]}}