{"id":185297,"date":"2023-09-13T11:27:00","date_gmt":"2023-09-13T11:27:00","guid":{"rendered":"http:\/\/radiofenix.com.ar\/los-diputados-del-frente-de-todos-buscaran-avanzar-con-el-proyecto-de-empleo-mipyme-2\/"},"modified":"2023-09-13T11:27:00","modified_gmt":"2023-09-13T11:27:00","slug":"los-diputados-del-frente-de-todos-buscaran-avanzar-con-el-proyecto-de-empleo-mipyme-2","status":"publish","type":"post","link":"https:\/\/radiofenix.com.ar\/2023\/los-diputados-del-frente-de-todos-buscaran-avanzar-con-el-proyecto-de-empleo-mipyme-2\/","title":{"rendered":"Los diputados del Frente de Todos buscar\u00e1n avanzar con el proyecto de \u00abEmpleo Mipyme\u00bb"},"content":{"rendered":"<p>Intentar\u00e1n lograr en la Comisi\u00f3n de Presupuesto y Hacienda de la C\u00e1mara baja la firma del dictamen de la iniciativa enviada por el ministro de Econom\u00eda Sergio Massa, que busca promover la condonaci\u00f3n del 100% de los aportes patronales por 24 meses a las peque\u00f1as y medianas empresas que incorporen nuevos trabajadores.<\/p>\n","protected":false},"excerpt":{"rendered":"<p>Intentar\u00e1n lograr en la Comisi\u00f3n de Presupuesto y Hacienda de la C\u00e1mara baja la firma&#8230;<\/p>\n","protected":false},"author":2,"featured_media":185298,"comment_status":"open","ping_status":"open","sticky":false,"template":"","format":"standard","meta":{"footnotes":""},"categories":[5],"tags":[],"class_list":["post-185297","post","type-post","status-publish","format-standard","has-post-thumbnail","hentry","category-economia"],"featured_image_urls":{"full":"","thumbnail":"","medium":"","medium_large":"","large":"","1536x1536":"","2048x2048":"","newsium-slider-full":"","newsium-featured":"","newsium-medium":""},"author_info":{"info":["c1500921"]},"category_info":"<a href=\"https:\/\/radiofenix.com.ar\/2023\/category\/economia\/\" rel=\"category tag\">Economia<\/a>","tag_info":"Economia","comment_count":"0","_links":{"self":[{"href":"https:\/\/radiofenix.com.ar\/2023\/wp-json\/wp\/v2\/posts\/185297","targetHints":{"allow":["GET"]}}],"collection":[{"href":"https:\/\/radiofenix.com.ar\/2023\/wp-json\/wp\/v2\/posts"}],"about":[{"href":"https:\/\/radiofenix.com.ar\/2023\/wp-json\/wp\/v2\/types\/post"}],"author":[{"embeddable":true,"href":"https:\/\/radiofenix.com.ar\/2023\/wp-json\/wp\/v2\/users\/2"}],"replies":[{"embeddable":true,"href":"https:\/\/radiofenix.com.ar\/2023\/wp-json\/wp\/v2\/comments?post=185297"}],"version-history":[{"count":0,"href":"https:\/\/radiofenix.com.ar\/2023\/wp-json\/wp\/v2\/posts\/185297\/revisions"}],"wp:featuredmedia":[{"embeddable":true,"href":"https:\/\/radiofenix.com.ar\/2023\/wp-json\/"}],"wp:attachment":[{"href":"https:\/\/radiofenix.com.ar\/2023\/wp-json\/wp\/v2\/media?parent=185297"}],"wp:term":[{"taxonomy":"category","embeddable":true,"href":"https:\/\/radiofenix.com.ar\/2023\/wp-json\/wp\/v2\/categories?post=185297"},{"taxonomy":"post_tag","embeddable":true,"href":"https:\/\/radiofenix.com.ar\/2023\/wp-json\/wp\/v2\/tags?post=185297"}],"curies":[{"name":"wp","href":"https:\/\/api.w.org\/{rel}","templated":true}]}}