{"id":185299,"date":"2023-09-13T11:12:00","date_gmt":"2023-09-13T11:12:00","guid":{"rendered":"http:\/\/radiofenix.com.ar\/nuevo-capitulo-en-el-senado-por-la-reforma-de-la-ley-de-alquileres\/"},"modified":"2023-09-13T11:12:00","modified_gmt":"2023-09-13T11:12:00","slug":"nuevo-capitulo-en-el-senado-por-la-reforma-de-la-ley-de-alquileres","status":"publish","type":"post","link":"https:\/\/radiofenix.com.ar\/2023\/nuevo-capitulo-en-el-senado-por-la-reforma-de-la-ley-de-alquileres\/","title":{"rendered":"Nuevo cap\u00edtulo en el Senado por la reforma de la Ley de Alquileres"},"content":{"rendered":"<p>No est\u00e1 prevista la presencia de expositores y tampoco existe una postura unificada entre los bloques parlamentarios. Adem\u00e1s del proyecto con Sanci\u00f3n en Diputados, hay en estudio otros ocho expedientes presentados desde 2022.<\/p>\n","protected":false},"excerpt":{"rendered":"<p>No est\u00e1 prevista la presencia de expositores y tampoco existe una postura unificada entre los&#8230;<\/p>\n","protected":false},"author":2,"featured_media":185300,"comment_status":"open","ping_status":"open","sticky":false,"template":"","format":"standard","meta":{"footnotes":""},"categories":[5],"tags":[],"class_list":["post-185299","post","type-post","status-publish","format-standard","has-post-thumbnail","hentry","category-economia"],"featured_image_urls":{"full":"","thumbnail":"","medium":"","medium_large":"","large":"","1536x1536":"","2048x2048":"","newsium-slider-full":"","newsium-featured":"","newsium-medium":""},"author_info":{"info":["c1500921"]},"category_info":"<a href=\"https:\/\/radiofenix.com.ar\/2023\/category\/economia\/\" rel=\"category tag\">Economia<\/a>","tag_info":"Economia","comment_count":"0","_links":{"self":[{"href":"https:\/\/radiofenix.com.ar\/2023\/wp-json\/wp\/v2\/posts\/185299","targetHints":{"allow":["GET"]}}],"collection":[{"href":"https:\/\/radiofenix.com.ar\/2023\/wp-json\/wp\/v2\/posts"}],"about":[{"href":"https:\/\/radiofenix.com.ar\/2023\/wp-json\/wp\/v2\/types\/post"}],"author":[{"embeddable":true,"href":"https:\/\/radiofenix.com.ar\/2023\/wp-json\/wp\/v2\/users\/2"}],"replies":[{"embeddable":true,"href":"https:\/\/radiofenix.com.ar\/2023\/wp-json\/wp\/v2\/comments?post=185299"}],"version-history":[{"count":0,"href":"https:\/\/radiofenix.com.ar\/2023\/wp-json\/wp\/v2\/posts\/185299\/revisions"}],"wp:featuredmedia":[{"embeddable":true,"href":"https:\/\/radiofenix.com.ar\/2023\/wp-json\/"}],"wp:attachment":[{"href":"https:\/\/radiofenix.com.ar\/2023\/wp-json\/wp\/v2\/media?parent=185299"}],"wp:term":[{"taxonomy":"category","embeddable":true,"href":"https:\/\/radiofenix.com.ar\/2023\/wp-json\/wp\/v2\/categories?post=185299"},{"taxonomy":"post_tag","embeddable":true,"href":"https:\/\/radiofenix.com.ar\/2023\/wp-json\/wp\/v2\/tags?post=185299"}],"curies":[{"name":"wp","href":"https:\/\/api.w.org\/{rel}","templated":true}]}}