{"id":185739,"date":"2023-09-17T19:06:37","date_gmt":"2023-09-17T19:06:37","guid":{"rendered":"http:\/\/radiofenix.com.ar\/con-un-35-de-concurrencia-se-desarrollan-con-normalidad-las-elecciones-en-chaco\/"},"modified":"2023-09-17T19:06:37","modified_gmt":"2023-09-17T19:06:37","slug":"con-un-35-de-concurrencia-se-desarrollan-con-normalidad-las-elecciones-en-chaco","status":"publish","type":"post","link":"https:\/\/radiofenix.com.ar\/2023\/con-un-35-de-concurrencia-se-desarrollan-con-normalidad-las-elecciones-en-chaco\/","title":{"rendered":"Con un 35% de concurrencia, se desarrollan con normalidad las elecciones en Chaco"},"content":{"rendered":"<p>El gobernador Jorge Capitanich evalu\u00f3 que la participaci\u00f3n electoral ser\u00e1 superior a las PASO provinciales y\u00a0\u00a0destac\u00f3 que\u00a0\u00abel recuento puede ser muy r\u00e1pido, de manera que podamos tener una evaluaci\u00f3n de los resultados lo antes posible\u00bb.El gobernador Jorge Capitanich evalu\u00f3 que la participaci\u00f3n electoral ser\u00e1 superior a las PASO provinciales y\u00a0\u00a0destac\u00f3 que\u00a0\u00abel recuento puede ser muy r\u00e1pido, de manera que podamos tener una evaluaci\u00f3n de los resultados lo antes posible\u00bb.<\/p>\n","protected":false},"excerpt":{"rendered":"<p>El gobernador Jorge Capitanich evalu\u00f3 que la participaci\u00f3n electoral ser\u00e1 superior a las PASO provinciales&#8230;<\/p>\n","protected":false},"author":2,"featured_media":185740,"comment_status":"open","ping_status":"open","sticky":false,"template":"","format":"standard","meta":{"footnotes":""},"categories":[2],"tags":[],"class_list":["post-185739","post","type-post","status-publish","format-standard","has-post-thumbnail","hentry","category-politica"],"featured_image_urls":{"full":"","thumbnail":"","medium":"","medium_large":"","large":"","1536x1536":"","2048x2048":"","newsium-slider-full":"","newsium-featured":"","newsium-medium":""},"author_info":{"info":["c1500921"]},"category_info":"<a href=\"https:\/\/radiofenix.com.ar\/2023\/category\/politica\/\" rel=\"category tag\">Pol\u00edtica<\/a>","tag_info":"Pol\u00edtica","comment_count":"0","_links":{"self":[{"href":"https:\/\/radiofenix.com.ar\/2023\/wp-json\/wp\/v2\/posts\/185739","targetHints":{"allow":["GET"]}}],"collection":[{"href":"https:\/\/radiofenix.com.ar\/2023\/wp-json\/wp\/v2\/posts"}],"about":[{"href":"https:\/\/radiofenix.com.ar\/2023\/wp-json\/wp\/v2\/types\/post"}],"author":[{"embeddable":true,"href":"https:\/\/radiofenix.com.ar\/2023\/wp-json\/wp\/v2\/users\/2"}],"replies":[{"embeddable":true,"href":"https:\/\/radiofenix.com.ar\/2023\/wp-json\/wp\/v2\/comments?post=185739"}],"version-history":[{"count":0,"href":"https:\/\/radiofenix.com.ar\/2023\/wp-json\/wp\/v2\/posts\/185739\/revisions"}],"wp:featuredmedia":[{"embeddable":true,"href":"https:\/\/radiofenix.com.ar\/2023\/wp-json\/"}],"wp:attachment":[{"href":"https:\/\/radiofenix.com.ar\/2023\/wp-json\/wp\/v2\/media?parent=185739"}],"wp:term":[{"taxonomy":"category","embeddable":true,"href":"https:\/\/radiofenix.com.ar\/2023\/wp-json\/wp\/v2\/categories?post=185739"},{"taxonomy":"post_tag","embeddable":true,"href":"https:\/\/radiofenix.com.ar\/2023\/wp-json\/wp\/v2\/tags?post=185739"}],"curies":[{"name":"wp","href":"https:\/\/api.w.org\/{rel}","templated":true}]}}