{"id":185755,"date":"2023-09-17T17:02:00","date_gmt":"2023-09-17T17:02:00","guid":{"rendered":"http:\/\/radiofenix.com.ar\/alivio-fiscal-habra-reducciones-impositivas-para-los-autonomos-de-menores-ingresos\/"},"modified":"2023-09-17T17:02:00","modified_gmt":"2023-09-17T17:02:00","slug":"alivio-fiscal-habra-reducciones-impositivas-para-los-autonomos-de-menores-ingresos","status":"publish","type":"post","link":"https:\/\/radiofenix.com.ar\/2023\/alivio-fiscal-habra-reducciones-impositivas-para-los-autonomos-de-menores-ingresos\/","title":{"rendered":"Alivio fiscal: habr\u00e1 reducciones impositivas para los aut\u00f3nomos de menores ingresos"},"content":{"rendered":"<p>El Ministerio de Econom\u00eda que conduce Sergio Massa prev\u00e9 una \u00abreducci\u00f3n del porcentaje de retenci\u00f3n del impuesto a las ganancias, que va del 5% al 31%, y aumento de los m\u00ednimos a partir de los cuales se comienza a retener para los honorarios profesionales\u00bb.<\/p>\n","protected":false},"excerpt":{"rendered":"<p>El Ministerio de Econom\u00eda que conduce Sergio Massa prev\u00e9 una \u00abreducci\u00f3n del porcentaje de retenci\u00f3n&#8230;<\/p>\n","protected":false},"author":2,"featured_media":185756,"comment_status":"open","ping_status":"open","sticky":false,"template":"","format":"standard","meta":{"footnotes":""},"categories":[5],"tags":[],"class_list":["post-185755","post","type-post","status-publish","format-standard","has-post-thumbnail","hentry","category-economia"],"featured_image_urls":{"full":"","thumbnail":"","medium":"","medium_large":"","large":"","1536x1536":"","2048x2048":"","newsium-slider-full":"","newsium-featured":"","newsium-medium":""},"author_info":{"info":["c1500921"]},"category_info":"<a href=\"https:\/\/radiofenix.com.ar\/2023\/category\/economia\/\" rel=\"category tag\">Economia<\/a>","tag_info":"Economia","comment_count":"0","_links":{"self":[{"href":"https:\/\/radiofenix.com.ar\/2023\/wp-json\/wp\/v2\/posts\/185755","targetHints":{"allow":["GET"]}}],"collection":[{"href":"https:\/\/radiofenix.com.ar\/2023\/wp-json\/wp\/v2\/posts"}],"about":[{"href":"https:\/\/radiofenix.com.ar\/2023\/wp-json\/wp\/v2\/types\/post"}],"author":[{"embeddable":true,"href":"https:\/\/radiofenix.com.ar\/2023\/wp-json\/wp\/v2\/users\/2"}],"replies":[{"embeddable":true,"href":"https:\/\/radiofenix.com.ar\/2023\/wp-json\/wp\/v2\/comments?post=185755"}],"version-history":[{"count":0,"href":"https:\/\/radiofenix.com.ar\/2023\/wp-json\/wp\/v2\/posts\/185755\/revisions"}],"wp:featuredmedia":[{"embeddable":true,"href":"https:\/\/radiofenix.com.ar\/2023\/wp-json\/"}],"wp:attachment":[{"href":"https:\/\/radiofenix.com.ar\/2023\/wp-json\/wp\/v2\/media?parent=185755"}],"wp:term":[{"taxonomy":"category","embeddable":true,"href":"https:\/\/radiofenix.com.ar\/2023\/wp-json\/wp\/v2\/categories?post=185755"},{"taxonomy":"post_tag","embeddable":true,"href":"https:\/\/radiofenix.com.ar\/2023\/wp-json\/wp\/v2\/tags?post=185755"}],"curies":[{"name":"wp","href":"https:\/\/api.w.org\/{rel}","templated":true}]}}