{"id":185895,"date":"2023-09-19T09:07:19","date_gmt":"2023-09-19T09:07:19","guid":{"rendered":"http:\/\/radiofenix.com.ar\/sobrevivientes-de-la-dictadura-y-organizaciones-de-ddhh-marcharon-por-julio-lopez\/"},"modified":"2023-09-19T09:07:19","modified_gmt":"2023-09-19T09:07:19","slug":"sobrevivientes-de-la-dictadura-y-organizaciones-de-ddhh-marcharon-por-julio-lopez","status":"publish","type":"post","link":"https:\/\/radiofenix.com.ar\/2023\/sobrevivientes-de-la-dictadura-y-organizaciones-de-ddhh-marcharon-por-julio-lopez\/","title":{"rendered":"Sobrevivientes de la dictadura y organizaciones de DDHH marcharon por Julio L\u00f3pez"},"content":{"rendered":"<p>Los manifestantes recordaron al sobreviviente de la \u00faltima dictadura militar quien fuera nuevamente desaparecido en democracia hace 17 a\u00f1os,\u00a0la concentraci\u00f3n se realiz\u00f3 en la Plaza Moreno, frente al Palacio Municipal donde en 2006 se realiz\u00f3 el juicio al represor Etchecolatz.Los manifestantes recordaron al sobreviviente de la \u00faltima dictadura militar quien fuera nuevamente desaparecido en democracia hace 17 a\u00f1os,\u00a0la concentraci\u00f3n se realiz\u00f3 en la Plaza Moreno, frente al Palacio Municipal donde en 2006 se realiz\u00f3 el juicio al represor Etchecolatz.<\/p>\n","protected":false},"excerpt":{"rendered":"<p>Los manifestantes recordaron al sobreviviente de la \u00faltima dictadura militar quien fuera nuevamente desaparecido en&#8230;<\/p>\n","protected":false},"author":2,"featured_media":185896,"comment_status":"open","ping_status":"open","sticky":false,"template":"","format":"standard","meta":{"footnotes":""},"categories":[2],"tags":[],"class_list":["post-185895","post","type-post","status-publish","format-standard","has-post-thumbnail","hentry","category-politica"],"featured_image_urls":{"full":"","thumbnail":"","medium":"","medium_large":"","large":"","1536x1536":"","2048x2048":"","newsium-slider-full":"","newsium-featured":"","newsium-medium":""},"author_info":{"info":["c1500921"]},"category_info":"<a href=\"https:\/\/radiofenix.com.ar\/2023\/category\/politica\/\" rel=\"category tag\">Pol\u00edtica<\/a>","tag_info":"Pol\u00edtica","comment_count":"0","_links":{"self":[{"href":"https:\/\/radiofenix.com.ar\/2023\/wp-json\/wp\/v2\/posts\/185895","targetHints":{"allow":["GET"]}}],"collection":[{"href":"https:\/\/radiofenix.com.ar\/2023\/wp-json\/wp\/v2\/posts"}],"about":[{"href":"https:\/\/radiofenix.com.ar\/2023\/wp-json\/wp\/v2\/types\/post"}],"author":[{"embeddable":true,"href":"https:\/\/radiofenix.com.ar\/2023\/wp-json\/wp\/v2\/users\/2"}],"replies":[{"embeddable":true,"href":"https:\/\/radiofenix.com.ar\/2023\/wp-json\/wp\/v2\/comments?post=185895"}],"version-history":[{"count":0,"href":"https:\/\/radiofenix.com.ar\/2023\/wp-json\/wp\/v2\/posts\/185895\/revisions"}],"wp:featuredmedia":[{"embeddable":true,"href":"https:\/\/radiofenix.com.ar\/2023\/wp-json\/"}],"wp:attachment":[{"href":"https:\/\/radiofenix.com.ar\/2023\/wp-json\/wp\/v2\/media?parent=185895"}],"wp:term":[{"taxonomy":"category","embeddable":true,"href":"https:\/\/radiofenix.com.ar\/2023\/wp-json\/wp\/v2\/categories?post=185895"},{"taxonomy":"post_tag","embeddable":true,"href":"https:\/\/radiofenix.com.ar\/2023\/wp-json\/wp\/v2\/tags?post=185895"}],"curies":[{"name":"wp","href":"https:\/\/api.w.org\/{rel}","templated":true}]}}