{"id":185897,"date":"2023-09-19T09:07:19","date_gmt":"2023-09-19T09:07:19","guid":{"rendered":"http:\/\/radiofenix.com.ar\/lucas-cabello-el-policia-que-intento-matarme-fue-condenado-a-16-anos-pero-sigue-libre\/"},"modified":"2023-09-19T09:07:19","modified_gmt":"2023-09-19T09:07:19","slug":"lucas-cabello-el-policia-que-intento-matarme-fue-condenado-a-16-anos-pero-sigue-libre","status":"publish","type":"post","link":"https:\/\/radiofenix.com.ar\/2023\/lucas-cabello-el-policia-que-intento-matarme-fue-condenado-a-16-anos-pero-sigue-libre\/","title":{"rendered":"Lucas Cabello: \u00abEl polic\u00eda que intent\u00f3 matarme fue condenado a 16 a\u00f1os, pero sigue libre\u00bb"},"content":{"rendered":"<p>El joven, v\u00edctima de violencia institucional, dio su punto de vista en relaci\u00f3n al estado de la causa y su visi\u00f3n sobre la Justicia y la condena a 16 a\u00f1os de prisi\u00f3n al polic\u00eda de la metropolitana Ricardo Ayala, por intento de homicidio agravado.El joven, v\u00edctima de violencia institucional, dio su punto de vista en relaci\u00f3n al estado de la causa y su visi\u00f3n sobre la Justicia y la condena a 16 a\u00f1os de prisi\u00f3n al polic\u00eda de la metropolitana Ricardo Ayala, por intento de homicidio agravado.<\/p>\n","protected":false},"excerpt":{"rendered":"<p>El joven, v\u00edctima de violencia institucional, dio su punto de vista en relaci\u00f3n al estado&#8230;<\/p>\n","protected":false},"author":2,"featured_media":185898,"comment_status":"open","ping_status":"open","sticky":false,"template":"","format":"standard","meta":{"footnotes":""},"categories":[2],"tags":[],"class_list":["post-185897","post","type-post","status-publish","format-standard","has-post-thumbnail","hentry","category-politica"],"featured_image_urls":{"full":"","thumbnail":"","medium":"","medium_large":"","large":"","1536x1536":"","2048x2048":"","newsium-slider-full":"","newsium-featured":"","newsium-medium":""},"author_info":{"info":["c1500921"]},"category_info":"<a href=\"https:\/\/radiofenix.com.ar\/2023\/category\/politica\/\" rel=\"category tag\">Pol\u00edtica<\/a>","tag_info":"Pol\u00edtica","comment_count":"0","_links":{"self":[{"href":"https:\/\/radiofenix.com.ar\/2023\/wp-json\/wp\/v2\/posts\/185897","targetHints":{"allow":["GET"]}}],"collection":[{"href":"https:\/\/radiofenix.com.ar\/2023\/wp-json\/wp\/v2\/posts"}],"about":[{"href":"https:\/\/radiofenix.com.ar\/2023\/wp-json\/wp\/v2\/types\/post"}],"author":[{"embeddable":true,"href":"https:\/\/radiofenix.com.ar\/2023\/wp-json\/wp\/v2\/users\/2"}],"replies":[{"embeddable":true,"href":"https:\/\/radiofenix.com.ar\/2023\/wp-json\/wp\/v2\/comments?post=185897"}],"version-history":[{"count":0,"href":"https:\/\/radiofenix.com.ar\/2023\/wp-json\/wp\/v2\/posts\/185897\/revisions"}],"wp:featuredmedia":[{"embeddable":true,"href":"https:\/\/radiofenix.com.ar\/2023\/wp-json\/"}],"wp:attachment":[{"href":"https:\/\/radiofenix.com.ar\/2023\/wp-json\/wp\/v2\/media?parent=185897"}],"wp:term":[{"taxonomy":"category","embeddable":true,"href":"https:\/\/radiofenix.com.ar\/2023\/wp-json\/wp\/v2\/categories?post=185897"},{"taxonomy":"post_tag","embeddable":true,"href":"https:\/\/radiofenix.com.ar\/2023\/wp-json\/wp\/v2\/tags?post=185897"}],"curies":[{"name":"wp","href":"https:\/\/api.w.org\/{rel}","templated":true}]}}