{"id":185899,"date":"2023-09-19T09:07:20","date_gmt":"2023-09-19T09:07:20","guid":{"rendered":"http:\/\/radiofenix.com.ar\/colocar-a-la-ciencia-como-variable-de-ajuste-conduce-al-atraso-economico-2\/"},"modified":"2023-09-19T09:07:20","modified_gmt":"2023-09-19T09:07:20","slug":"colocar-a-la-ciencia-como-variable-de-ajuste-conduce-al-atraso-economico-2","status":"publish","type":"post","link":"https:\/\/radiofenix.com.ar\/2023\/colocar-a-la-ciencia-como-variable-de-ajuste-conduce-al-atraso-economico-2\/","title":{"rendered":"\u00abColocar a la ciencia como variable de ajuste conduce al atraso econ\u00f3mico\u00bb"},"content":{"rendered":"<p>El presidente particip\u00f3 de la Cumbre de los Objetivos de Desarrollo Sostenible, que se desarrolla en el marco de las Naciones Unidas. En su discurso, fustig\u00f3 a quienes promueven el ajuste en cuestiones vinculadas al desarrollo, la tecnolog\u00eda y la ciencia.El presidente particip\u00f3 de la Cumbre de los Objetivos de Desarrollo Sostenible, que se desarrolla en el marco de las Naciones Unidas. En su discurso, fustig\u00f3 a quienes promueven el ajuste en cuestiones vinculadas al desarrollo, la tecnolog\u00eda y la ciencia.<\/p>\n","protected":false},"excerpt":{"rendered":"<p>El presidente particip\u00f3 de la Cumbre de los Objetivos de Desarrollo Sostenible, que se desarrolla&#8230;<\/p>\n","protected":false},"author":2,"featured_media":185900,"comment_status":"open","ping_status":"open","sticky":false,"template":"","format":"standard","meta":{"footnotes":""},"categories":[2],"tags":[],"class_list":["post-185899","post","type-post","status-publish","format-standard","has-post-thumbnail","hentry","category-politica"],"featured_image_urls":{"full":"","thumbnail":"","medium":"","medium_large":"","large":"","1536x1536":"","2048x2048":"","newsium-slider-full":"","newsium-featured":"","newsium-medium":""},"author_info":{"info":["c1500921"]},"category_info":"<a href=\"https:\/\/radiofenix.com.ar\/2023\/category\/politica\/\" rel=\"category tag\">Pol\u00edtica<\/a>","tag_info":"Pol\u00edtica","comment_count":"0","_links":{"self":[{"href":"https:\/\/radiofenix.com.ar\/2023\/wp-json\/wp\/v2\/posts\/185899","targetHints":{"allow":["GET"]}}],"collection":[{"href":"https:\/\/radiofenix.com.ar\/2023\/wp-json\/wp\/v2\/posts"}],"about":[{"href":"https:\/\/radiofenix.com.ar\/2023\/wp-json\/wp\/v2\/types\/post"}],"author":[{"embeddable":true,"href":"https:\/\/radiofenix.com.ar\/2023\/wp-json\/wp\/v2\/users\/2"}],"replies":[{"embeddable":true,"href":"https:\/\/radiofenix.com.ar\/2023\/wp-json\/wp\/v2\/comments?post=185899"}],"version-history":[{"count":0,"href":"https:\/\/radiofenix.com.ar\/2023\/wp-json\/wp\/v2\/posts\/185899\/revisions"}],"wp:featuredmedia":[{"embeddable":true,"href":"https:\/\/radiofenix.com.ar\/2023\/wp-json\/"}],"wp:attachment":[{"href":"https:\/\/radiofenix.com.ar\/2023\/wp-json\/wp\/v2\/media?parent=185899"}],"wp:term":[{"taxonomy":"category","embeddable":true,"href":"https:\/\/radiofenix.com.ar\/2023\/wp-json\/wp\/v2\/categories?post=185899"},{"taxonomy":"post_tag","embeddable":true,"href":"https:\/\/radiofenix.com.ar\/2023\/wp-json\/wp\/v2\/tags?post=185899"}],"curies":[{"name":"wp","href":"https:\/\/api.w.org\/{rel}","templated":true}]}}