{"id":185901,"date":"2023-09-19T09:07:20","date_gmt":"2023-09-19T09:07:20","guid":{"rendered":"http:\/\/radiofenix.com.ar\/hugo-y-pablo-moyano-fueron-ratificados-en-la-conduccion-del-gremio-de-camioneros\/"},"modified":"2023-09-19T09:07:20","modified_gmt":"2023-09-19T09:07:20","slug":"hugo-y-pablo-moyano-fueron-ratificados-en-la-conduccion-del-gremio-de-camioneros","status":"publish","type":"post","link":"https:\/\/radiofenix.com.ar\/2023\/hugo-y-pablo-moyano-fueron-ratificados-en-la-conduccion-del-gremio-de-camioneros\/","title":{"rendered":"Hugo y Pablo Moyano fueron ratificados en la conducci\u00f3n del gremio de Camioneros"},"content":{"rendered":"<p>Encabezar\u00e1n por otro per\u00edodo de cuatro a\u00f1os el Sindicato de Choferes de Camiones tras las elecciones desarrolladas el pasado fin de semana en todas las ramas de esa organizaci\u00f3n gremial y en todo el pa\u00eds.Encabezar\u00e1n por otro per\u00edodo de cuatro a\u00f1os el Sindicato de Choferes de Camiones tras las elecciones desarrolladas el pasado fin de semana en todas las ramas de esa organizaci\u00f3n gremial y en todo el pa\u00eds.<\/p>\n","protected":false},"excerpt":{"rendered":"<p>Encabezar\u00e1n por otro per\u00edodo de cuatro a\u00f1os el Sindicato de Choferes de Camiones tras las&#8230;<\/p>\n","protected":false},"author":2,"featured_media":185902,"comment_status":"open","ping_status":"open","sticky":false,"template":"","format":"standard","meta":{"footnotes":""},"categories":[2],"tags":[],"class_list":["post-185901","post","type-post","status-publish","format-standard","has-post-thumbnail","hentry","category-politica"],"featured_image_urls":{"full":"","thumbnail":"","medium":"","medium_large":"","large":"","1536x1536":"","2048x2048":"","newsium-slider-full":"","newsium-featured":"","newsium-medium":""},"author_info":{"info":["c1500921"]},"category_info":"<a href=\"https:\/\/radiofenix.com.ar\/2023\/category\/politica\/\" rel=\"category tag\">Pol\u00edtica<\/a>","tag_info":"Pol\u00edtica","comment_count":"0","_links":{"self":[{"href":"https:\/\/radiofenix.com.ar\/2023\/wp-json\/wp\/v2\/posts\/185901","targetHints":{"allow":["GET"]}}],"collection":[{"href":"https:\/\/radiofenix.com.ar\/2023\/wp-json\/wp\/v2\/posts"}],"about":[{"href":"https:\/\/radiofenix.com.ar\/2023\/wp-json\/wp\/v2\/types\/post"}],"author":[{"embeddable":true,"href":"https:\/\/radiofenix.com.ar\/2023\/wp-json\/wp\/v2\/users\/2"}],"replies":[{"embeddable":true,"href":"https:\/\/radiofenix.com.ar\/2023\/wp-json\/wp\/v2\/comments?post=185901"}],"version-history":[{"count":0,"href":"https:\/\/radiofenix.com.ar\/2023\/wp-json\/wp\/v2\/posts\/185901\/revisions"}],"wp:featuredmedia":[{"embeddable":true,"href":"https:\/\/radiofenix.com.ar\/2023\/wp-json\/"}],"wp:attachment":[{"href":"https:\/\/radiofenix.com.ar\/2023\/wp-json\/wp\/v2\/media?parent=185901"}],"wp:term":[{"taxonomy":"category","embeddable":true,"href":"https:\/\/radiofenix.com.ar\/2023\/wp-json\/wp\/v2\/categories?post=185901"},{"taxonomy":"post_tag","embeddable":true,"href":"https:\/\/radiofenix.com.ar\/2023\/wp-json\/wp\/v2\/tags?post=185901"}],"curies":[{"name":"wp","href":"https:\/\/api.w.org\/{rel}","templated":true}]}}