{"id":185917,"date":"2023-09-19T20:43:00","date_gmt":"2023-09-19T20:43:00","guid":{"rendered":"http:\/\/radiofenix.com.ar\/obras-de-salta-y-tucuman-se-destacan-en-los-ultimos-dias-de-la-fiesta-nacional-del-teatro\/"},"modified":"2023-09-19T20:43:00","modified_gmt":"2023-09-19T20:43:00","slug":"obras-de-salta-y-tucuman-se-destacan-en-los-ultimos-dias-de-la-fiesta-nacional-del-teatro","status":"publish","type":"post","link":"https:\/\/radiofenix.com.ar\/2023\/obras-de-salta-y-tucuman-se-destacan-en-los-ultimos-dias-de-la-fiesta-nacional-del-teatro\/","title":{"rendered":"Obras de Salta y Tucum\u00e1n se destacan en los \u00faltimos d\u00edas de la Fiesta Nacional del Teatro"},"content":{"rendered":"<p>La salte\u00f1a \u00abNunca nadie se muri\u00f3 de amor excepto alguien alguna vez\u00bb y la tucumana \u00abJard\u00edn florido\u00bb resaltan entre la nutrida agenda de estrenos del evento,\u00a0que se desarrolla hasta este mi\u00e9rcoles en Catamarca.La salte\u00f1a \u00abNunca nadie se muri\u00f3 de amor excepto alguien alguna vez\u00bb y la tucumana \u00abJard\u00edn florido\u00bb resaltan entre la nutrida agenda de estrenos del evento,\u00a0que se desarrolla hasta este mi\u00e9rcoles en Catamarca.<\/p>\n","protected":false},"excerpt":{"rendered":"<p>La salte\u00f1a \u00abNunca nadie se muri\u00f3 de amor excepto alguien alguna vez\u00bb y la tucumana&#8230;<\/p>\n","protected":false},"author":2,"featured_media":185918,"comment_status":"open","ping_status":"open","sticky":false,"template":"","format":"standard","meta":{"footnotes":""},"categories":[4],"tags":[],"class_list":["post-185917","post","type-post","status-publish","format-standard","has-post-thumbnail","hentry","category-espectaculos"],"featured_image_urls":{"full":"","thumbnail":"","medium":"","medium_large":"","large":"","1536x1536":"","2048x2048":"","newsium-slider-full":"","newsium-featured":"","newsium-medium":""},"author_info":{"info":["c1500921"]},"category_info":"<a href=\"https:\/\/radiofenix.com.ar\/2023\/category\/espectaculos\/\" rel=\"category tag\">Espectaculos<\/a>","tag_info":"Espectaculos","comment_count":"0","_links":{"self":[{"href":"https:\/\/radiofenix.com.ar\/2023\/wp-json\/wp\/v2\/posts\/185917","targetHints":{"allow":["GET"]}}],"collection":[{"href":"https:\/\/radiofenix.com.ar\/2023\/wp-json\/wp\/v2\/posts"}],"about":[{"href":"https:\/\/radiofenix.com.ar\/2023\/wp-json\/wp\/v2\/types\/post"}],"author":[{"embeddable":true,"href":"https:\/\/radiofenix.com.ar\/2023\/wp-json\/wp\/v2\/users\/2"}],"replies":[{"embeddable":true,"href":"https:\/\/radiofenix.com.ar\/2023\/wp-json\/wp\/v2\/comments?post=185917"}],"version-history":[{"count":0,"href":"https:\/\/radiofenix.com.ar\/2023\/wp-json\/wp\/v2\/posts\/185917\/revisions"}],"wp:featuredmedia":[{"embeddable":true,"href":"https:\/\/radiofenix.com.ar\/2023\/wp-json\/"}],"wp:attachment":[{"href":"https:\/\/radiofenix.com.ar\/2023\/wp-json\/wp\/v2\/media?parent=185917"}],"wp:term":[{"taxonomy":"category","embeddable":true,"href":"https:\/\/radiofenix.com.ar\/2023\/wp-json\/wp\/v2\/categories?post=185917"},{"taxonomy":"post_tag","embeddable":true,"href":"https:\/\/radiofenix.com.ar\/2023\/wp-json\/wp\/v2\/tags?post=185917"}],"curies":[{"name":"wp","href":"https:\/\/api.w.org\/{rel}","templated":true}]}}