{"id":185927,"date":"2023-09-19T22:06:17","date_gmt":"2023-09-19T22:06:17","guid":{"rendered":"http:\/\/radiofenix.com.ar\/piden-juzgar-a-represores-por-ninos-encerrados-o-abandonados-tras-secuestro-de-sus-padres\/"},"modified":"2023-09-19T22:06:17","modified_gmt":"2023-09-19T22:06:17","slug":"piden-juzgar-a-represores-por-ninos-encerrados-o-abandonados-tras-secuestro-de-sus-padres","status":"publish","type":"post","link":"https:\/\/radiofenix.com.ar\/2023\/piden-juzgar-a-represores-por-ninos-encerrados-o-abandonados-tras-secuestro-de-sus-padres\/","title":{"rendered":"Piden juzgar a represores por ni\u00f1os encerrados o abandonados tras secuestro de sus padres"},"content":{"rendered":"<p>La subsecretar\u00eda de Derechos Humanos pidi\u00f3 que se amplie la imputaci\u00f3n a los represores que son juzgados en La Plata por delitos de lesa humanidad por mas de 50 menores que sufrieron la privaci\u00f3n ilegal de su libertad durante el tiempo de desarrollo del operativo.La subsecretar\u00eda de Derechos Humanos pidi\u00f3 que se amplie la imputaci\u00f3n a los represores que son juzgados en La Plata por delitos de lesa humanidad por mas de 50 menores que sufrieron la privaci\u00f3n ilegal de su libertad durante el tiempo de desarrollo del operativo.<\/p>\n","protected":false},"excerpt":{"rendered":"<p>La subsecretar\u00eda de Derechos Humanos pidi\u00f3 que se amplie la imputaci\u00f3n a los represores que&#8230;<\/p>\n","protected":false},"author":2,"featured_media":185928,"comment_status":"open","ping_status":"open","sticky":false,"template":"","format":"standard","meta":{"footnotes":""},"categories":[2],"tags":[],"class_list":["post-185927","post","type-post","status-publish","format-standard","has-post-thumbnail","hentry","category-politica"],"featured_image_urls":{"full":"","thumbnail":"","medium":"","medium_large":"","large":"","1536x1536":"","2048x2048":"","newsium-slider-full":"","newsium-featured":"","newsium-medium":""},"author_info":{"info":["c1500921"]},"category_info":"<a href=\"https:\/\/radiofenix.com.ar\/2023\/category\/politica\/\" rel=\"category tag\">Pol\u00edtica<\/a>","tag_info":"Pol\u00edtica","comment_count":"0","_links":{"self":[{"href":"https:\/\/radiofenix.com.ar\/2023\/wp-json\/wp\/v2\/posts\/185927","targetHints":{"allow":["GET"]}}],"collection":[{"href":"https:\/\/radiofenix.com.ar\/2023\/wp-json\/wp\/v2\/posts"}],"about":[{"href":"https:\/\/radiofenix.com.ar\/2023\/wp-json\/wp\/v2\/types\/post"}],"author":[{"embeddable":true,"href":"https:\/\/radiofenix.com.ar\/2023\/wp-json\/wp\/v2\/users\/2"}],"replies":[{"embeddable":true,"href":"https:\/\/radiofenix.com.ar\/2023\/wp-json\/wp\/v2\/comments?post=185927"}],"version-history":[{"count":0,"href":"https:\/\/radiofenix.com.ar\/2023\/wp-json\/wp\/v2\/posts\/185927\/revisions"}],"wp:featuredmedia":[{"embeddable":true,"href":"https:\/\/radiofenix.com.ar\/2023\/wp-json\/"}],"wp:attachment":[{"href":"https:\/\/radiofenix.com.ar\/2023\/wp-json\/wp\/v2\/media?parent=185927"}],"wp:term":[{"taxonomy":"category","embeddable":true,"href":"https:\/\/radiofenix.com.ar\/2023\/wp-json\/wp\/v2\/categories?post=185927"},{"taxonomy":"post_tag","embeddable":true,"href":"https:\/\/radiofenix.com.ar\/2023\/wp-json\/wp\/v2\/tags?post=185927"}],"curies":[{"name":"wp","href":"https:\/\/api.w.org\/{rel}","templated":true}]}}