{"id":185929,"date":"2023-09-19T22:06:18","date_gmt":"2023-09-19T22:06:18","guid":{"rendered":"http:\/\/radiofenix.com.ar\/massa-la-decision-de-unesco-reconoce-el-camino-y-el-liderazgo-de-argentina-en-el-tema\/"},"modified":"2023-09-19T22:06:18","modified_gmt":"2023-09-19T22:06:18","slug":"massa-la-decision-de-unesco-reconoce-el-camino-y-el-liderazgo-de-argentina-en-el-tema","status":"publish","type":"post","link":"https:\/\/radiofenix.com.ar\/2023\/massa-la-decision-de-unesco-reconoce-el-camino-y-el-liderazgo-de-argentina-en-el-tema\/","title":{"rendered":"Massa: La decisi\u00f3n de Unesco \u00abreconoce el camino y el liderazgo de Argentina en el tema\u00bb"},"content":{"rendered":"<p>El ministro de Econom\u00eda y candidato a la presidencia subray\u00f3 que mientras el mundo reconoce a la ESMA como s\u00edmbolo de los horrores de las dictaduras de Am\u00e9rica Latina, \u00aben el pa\u00eds algunos lo niegan\u00bb.El ministro de Econom\u00eda y candidato a la presidencia subray\u00f3 que mientras el mundo reconoce a la ESMA como s\u00edmbolo de los horrores de las dictaduras de Am\u00e9rica Latina, \u00aben el pa\u00eds algunos lo niegan\u00bb.<\/p>\n","protected":false},"excerpt":{"rendered":"<p>El ministro de Econom\u00eda y candidato a la presidencia subray\u00f3 que mientras el mundo reconoce&#8230;<\/p>\n","protected":false},"author":2,"featured_media":185930,"comment_status":"open","ping_status":"open","sticky":false,"template":"","format":"standard","meta":{"footnotes":""},"categories":[2],"tags":[],"class_list":["post-185929","post","type-post","status-publish","format-standard","has-post-thumbnail","hentry","category-politica"],"featured_image_urls":{"full":"","thumbnail":"","medium":"","medium_large":"","large":"","1536x1536":"","2048x2048":"","newsium-slider-full":"","newsium-featured":"","newsium-medium":""},"author_info":{"info":["c1500921"]},"category_info":"<a href=\"https:\/\/radiofenix.com.ar\/2023\/category\/politica\/\" rel=\"category tag\">Pol\u00edtica<\/a>","tag_info":"Pol\u00edtica","comment_count":"0","_links":{"self":[{"href":"https:\/\/radiofenix.com.ar\/2023\/wp-json\/wp\/v2\/posts\/185929","targetHints":{"allow":["GET"]}}],"collection":[{"href":"https:\/\/radiofenix.com.ar\/2023\/wp-json\/wp\/v2\/posts"}],"about":[{"href":"https:\/\/radiofenix.com.ar\/2023\/wp-json\/wp\/v2\/types\/post"}],"author":[{"embeddable":true,"href":"https:\/\/radiofenix.com.ar\/2023\/wp-json\/wp\/v2\/users\/2"}],"replies":[{"embeddable":true,"href":"https:\/\/radiofenix.com.ar\/2023\/wp-json\/wp\/v2\/comments?post=185929"}],"version-history":[{"count":0,"href":"https:\/\/radiofenix.com.ar\/2023\/wp-json\/wp\/v2\/posts\/185929\/revisions"}],"wp:featuredmedia":[{"embeddable":true,"href":"https:\/\/radiofenix.com.ar\/2023\/wp-json\/"}],"wp:attachment":[{"href":"https:\/\/radiofenix.com.ar\/2023\/wp-json\/wp\/v2\/media?parent=185929"}],"wp:term":[{"taxonomy":"category","embeddable":true,"href":"https:\/\/radiofenix.com.ar\/2023\/wp-json\/wp\/v2\/categories?post=185929"},{"taxonomy":"post_tag","embeddable":true,"href":"https:\/\/radiofenix.com.ar\/2023\/wp-json\/wp\/v2\/tags?post=185929"}],"curies":[{"name":"wp","href":"https:\/\/api.w.org\/{rel}","templated":true}]}}