{"id":185933,"date":"2023-09-19T22:06:20","date_gmt":"2023-09-19T22:06:20","guid":{"rendered":"http:\/\/radiofenix.com.ar\/diputados-debaten-la-reforma-del-impuesto-a-las-ganancias-que-presento-massa\/"},"modified":"2023-09-19T22:06:20","modified_gmt":"2023-09-19T22:06:20","slug":"diputados-debaten-la-reforma-del-impuesto-a-las-ganancias-que-presento-massa","status":"publish","type":"post","link":"https:\/\/radiofenix.com.ar\/2023\/diputados-debaten-la-reforma-del-impuesto-a-las-ganancias-que-presento-massa\/","title":{"rendered":"Diputados debaten la reforma del Impuesto a las Ganancias que present\u00f3 Massa"},"content":{"rendered":"<p>El oficialismo consigui\u00f3 reunir el n\u00famero necesario para realizar la sesi\u00f3n con el respaldo de la izquierda y de diputados provinciales, ya que JxC anticip\u00f3 que no acompa\u00f1ar\u00e1. Tambi\u00e9n se tratar\u00e1 el programa Empleo Mipyme y la creaci\u00f3n de cinco universidades nacionales.El oficialismo consigui\u00f3 reunir el n\u00famero necesario para realizar la sesi\u00f3n con el respaldo de la izquierda y de diputados provinciales, ya que JxC anticip\u00f3 que no acompa\u00f1ar\u00e1. Tambi\u00e9n se tratar\u00e1 el programa Empleo Mipyme y la creaci\u00f3n de cinco universidades nacionales.<\/p>\n","protected":false},"excerpt":{"rendered":"<p>El oficialismo consigui\u00f3 reunir el n\u00famero necesario para realizar la sesi\u00f3n con el respaldo de&#8230;<\/p>\n","protected":false},"author":2,"featured_media":185934,"comment_status":"open","ping_status":"open","sticky":false,"template":"","format":"standard","meta":{"footnotes":""},"categories":[2],"tags":[],"class_list":["post-185933","post","type-post","status-publish","format-standard","has-post-thumbnail","hentry","category-politica"],"featured_image_urls":{"full":"","thumbnail":"","medium":"","medium_large":"","large":"","1536x1536":"","2048x2048":"","newsium-slider-full":"","newsium-featured":"","newsium-medium":""},"author_info":{"info":["c1500921"]},"category_info":"<a href=\"https:\/\/radiofenix.com.ar\/2023\/category\/politica\/\" rel=\"category tag\">Pol\u00edtica<\/a>","tag_info":"Pol\u00edtica","comment_count":"0","_links":{"self":[{"href":"https:\/\/radiofenix.com.ar\/2023\/wp-json\/wp\/v2\/posts\/185933","targetHints":{"allow":["GET"]}}],"collection":[{"href":"https:\/\/radiofenix.com.ar\/2023\/wp-json\/wp\/v2\/posts"}],"about":[{"href":"https:\/\/radiofenix.com.ar\/2023\/wp-json\/wp\/v2\/types\/post"}],"author":[{"embeddable":true,"href":"https:\/\/radiofenix.com.ar\/2023\/wp-json\/wp\/v2\/users\/2"}],"replies":[{"embeddable":true,"href":"https:\/\/radiofenix.com.ar\/2023\/wp-json\/wp\/v2\/comments?post=185933"}],"version-history":[{"count":0,"href":"https:\/\/radiofenix.com.ar\/2023\/wp-json\/wp\/v2\/posts\/185933\/revisions"}],"wp:featuredmedia":[{"embeddable":true,"href":"https:\/\/radiofenix.com.ar\/2023\/wp-json\/"}],"wp:attachment":[{"href":"https:\/\/radiofenix.com.ar\/2023\/wp-json\/wp\/v2\/media?parent=185933"}],"wp:term":[{"taxonomy":"category","embeddable":true,"href":"https:\/\/radiofenix.com.ar\/2023\/wp-json\/wp\/v2\/categories?post=185933"},{"taxonomy":"post_tag","embeddable":true,"href":"https:\/\/radiofenix.com.ar\/2023\/wp-json\/wp\/v2\/tags?post=185933"}],"curies":[{"name":"wp","href":"https:\/\/api.w.org\/{rel}","templated":true}]}}