{"id":185937,"date":"2023-09-19T22:06:22","date_gmt":"2023-09-19T22:06:22","guid":{"rendered":"http:\/\/radiofenix.com.ar\/revolucion-federal-tasaran-los-muebles-que-morel-vendio-a-empresa-de-la-familia-caputo\/"},"modified":"2023-09-19T22:06:22","modified_gmt":"2023-09-19T22:06:22","slug":"revolucion-federal-tasaran-los-muebles-que-morel-vendio-a-empresa-de-la-familia-caputo","status":"publish","type":"post","link":"https:\/\/radiofenix.com.ar\/2023\/revolucion-federal-tasaran-los-muebles-que-morel-vendio-a-empresa-de-la-familia-caputo\/","title":{"rendered":"Revoluci\u00f3n Federal: tasar\u00e1n los muebles que Morel vendi\u00f3 a empresa de la familia Caputo"},"content":{"rendered":"<p>El juez federal acept\u00f3 el pedido del fiscal Gerardo Pollicita y habilit\u00f3 la intervenci\u00f3n del Tribunal de Tasaciones de la Naci\u00f3n. Para la querella resulta llamativo que trabajaran para una firma vinculada a un ex funcionario de Macri. Investigan coincidencias entre el surgimiento de RF y los pagos de Caputo Hermanos a Morel.El juez federal acept\u00f3 el pedido del fiscal Gerardo Pollicita y habilit\u00f3 la intervenci\u00f3n del Tribunal de Tasaciones de la Naci\u00f3n. Para la querella resulta llamativo que trabajaran para una firma vinculada a un ex funcionario de Macri. Investigan coincidencias entre el surgimiento de RF y los pagos de Caputo Hermanos a Morel.<\/p>\n","protected":false},"excerpt":{"rendered":"<p>El juez federal acept\u00f3 el pedido del fiscal Gerardo Pollicita y habilit\u00f3 la intervenci\u00f3n del&#8230;<\/p>\n","protected":false},"author":2,"featured_media":185938,"comment_status":"open","ping_status":"open","sticky":false,"template":"","format":"standard","meta":{"footnotes":""},"categories":[2],"tags":[],"class_list":["post-185937","post","type-post","status-publish","format-standard","has-post-thumbnail","hentry","category-politica"],"featured_image_urls":{"full":"","thumbnail":"","medium":"","medium_large":"","large":"","1536x1536":"","2048x2048":"","newsium-slider-full":"","newsium-featured":"","newsium-medium":""},"author_info":{"info":["c1500921"]},"category_info":"<a href=\"https:\/\/radiofenix.com.ar\/2023\/category\/politica\/\" rel=\"category tag\">Pol\u00edtica<\/a>","tag_info":"Pol\u00edtica","comment_count":"0","_links":{"self":[{"href":"https:\/\/radiofenix.com.ar\/2023\/wp-json\/wp\/v2\/posts\/185937","targetHints":{"allow":["GET"]}}],"collection":[{"href":"https:\/\/radiofenix.com.ar\/2023\/wp-json\/wp\/v2\/posts"}],"about":[{"href":"https:\/\/radiofenix.com.ar\/2023\/wp-json\/wp\/v2\/types\/post"}],"author":[{"embeddable":true,"href":"https:\/\/radiofenix.com.ar\/2023\/wp-json\/wp\/v2\/users\/2"}],"replies":[{"embeddable":true,"href":"https:\/\/radiofenix.com.ar\/2023\/wp-json\/wp\/v2\/comments?post=185937"}],"version-history":[{"count":0,"href":"https:\/\/radiofenix.com.ar\/2023\/wp-json\/wp\/v2\/posts\/185937\/revisions"}],"wp:featuredmedia":[{"embeddable":true,"href":"https:\/\/radiofenix.com.ar\/2023\/wp-json\/"}],"wp:attachment":[{"href":"https:\/\/radiofenix.com.ar\/2023\/wp-json\/wp\/v2\/media?parent=185937"}],"wp:term":[{"taxonomy":"category","embeddable":true,"href":"https:\/\/radiofenix.com.ar\/2023\/wp-json\/wp\/v2\/categories?post=185937"},{"taxonomy":"post_tag","embeddable":true,"href":"https:\/\/radiofenix.com.ar\/2023\/wp-json\/wp\/v2\/tags?post=185937"}],"curies":[{"name":"wp","href":"https:\/\/api.w.org\/{rel}","templated":true}]}}