{"id":185939,"date":"2023-09-19T22:06:22","date_gmt":"2023-09-19T22:06:22","guid":{"rendered":"http:\/\/radiofenix.com.ar\/massa-pidio-apoyo-para-ganancias-y-no-dejarse-llevar-por-frases-cortas-y-divertidas\/"},"modified":"2023-09-19T22:06:22","modified_gmt":"2023-09-19T22:06:22","slug":"massa-pidio-apoyo-para-ganancias-y-no-dejarse-llevar-por-frases-cortas-y-divertidas","status":"publish","type":"post","link":"https:\/\/radiofenix.com.ar\/2023\/massa-pidio-apoyo-para-ganancias-y-no-dejarse-llevar-por-frases-cortas-y-divertidas\/","title":{"rendered":"Massa pidi\u00f3 apoyo para Ganancias y \u00abno dejarse llevar por frases cortas y divertidas\u00bb"},"content":{"rendered":"<p>El ministro de Econom\u00eda inaugur\u00f3 una obra de pavimentaci\u00f3n en el partido de Moreno junto a Gabriel Katopodis.\u00a0&amp;ldquo;Cuando quieren criticar a la Argentina, muchas veces hablan mal, despectivamente del conurbano y luego del pa\u00eds, pero yo quiero decirles con orgullo que soy del conurbano\u00bb, dijo el candidato de UxP.El ministro de Econom\u00eda inaugur\u00f3 una obra de pavimentaci\u00f3n en el partido de Moreno junto a Gabriel Katopodis.\u00a0&amp;ldquo;Cuando quieren criticar a la Argentina, muchas veces hablan mal, despectivamente del conurbano y luego del pa\u00eds, pero yo quiero decirles con orgullo que soy del conurbano\u00bb, dijo el candidato de UxP.<\/p>\n","protected":false},"excerpt":{"rendered":"<p>El ministro de Econom\u00eda inaugur\u00f3 una obra de pavimentaci\u00f3n en el partido de Moreno junto&#8230;<\/p>\n","protected":false},"author":2,"featured_media":185940,"comment_status":"open","ping_status":"open","sticky":false,"template":"","format":"standard","meta":{"footnotes":""},"categories":[2],"tags":[],"class_list":["post-185939","post","type-post","status-publish","format-standard","has-post-thumbnail","hentry","category-politica"],"featured_image_urls":{"full":"","thumbnail":"","medium":"","medium_large":"","large":"","1536x1536":"","2048x2048":"","newsium-slider-full":"","newsium-featured":"","newsium-medium":""},"author_info":{"info":["c1500921"]},"category_info":"<a href=\"https:\/\/radiofenix.com.ar\/2023\/category\/politica\/\" rel=\"category tag\">Pol\u00edtica<\/a>","tag_info":"Pol\u00edtica","comment_count":"0","_links":{"self":[{"href":"https:\/\/radiofenix.com.ar\/2023\/wp-json\/wp\/v2\/posts\/185939","targetHints":{"allow":["GET"]}}],"collection":[{"href":"https:\/\/radiofenix.com.ar\/2023\/wp-json\/wp\/v2\/posts"}],"about":[{"href":"https:\/\/radiofenix.com.ar\/2023\/wp-json\/wp\/v2\/types\/post"}],"author":[{"embeddable":true,"href":"https:\/\/radiofenix.com.ar\/2023\/wp-json\/wp\/v2\/users\/2"}],"replies":[{"embeddable":true,"href":"https:\/\/radiofenix.com.ar\/2023\/wp-json\/wp\/v2\/comments?post=185939"}],"version-history":[{"count":0,"href":"https:\/\/radiofenix.com.ar\/2023\/wp-json\/wp\/v2\/posts\/185939\/revisions"}],"wp:featuredmedia":[{"embeddable":true,"href":"https:\/\/radiofenix.com.ar\/2023\/wp-json\/"}],"wp:attachment":[{"href":"https:\/\/radiofenix.com.ar\/2023\/wp-json\/wp\/v2\/media?parent=185939"}],"wp:term":[{"taxonomy":"category","embeddable":true,"href":"https:\/\/radiofenix.com.ar\/2023\/wp-json\/wp\/v2\/categories?post=185939"},{"taxonomy":"post_tag","embeddable":true,"href":"https:\/\/radiofenix.com.ar\/2023\/wp-json\/wp\/v2\/tags?post=185939"}],"curies":[{"name":"wp","href":"https:\/\/api.w.org\/{rel}","templated":true}]}}