{"id":185941,"date":"2023-09-19T22:06:23","date_gmt":"2023-09-19T22:06:23","guid":{"rendered":"http:\/\/radiofenix.com.ar\/el-cels-destaco-el-reconocimiento-internacional-al-proceso-de-memoria-verdad-y-justicia\/"},"modified":"2023-09-19T22:06:23","modified_gmt":"2023-09-19T22:06:23","slug":"el-cels-destaco-el-reconocimiento-internacional-al-proceso-de-memoria-verdad-y-justicia","status":"publish","type":"post","link":"https:\/\/radiofenix.com.ar\/2023\/el-cels-destaco-el-reconocimiento-internacional-al-proceso-de-memoria-verdad-y-justicia\/","title":{"rendered":"El CELS destac\u00f3 el reconocimiento internacional al proceso de memoria, verdad y justicia"},"content":{"rendered":"<p>A trav\u00e9s de un comunicado, la entidad destac\u00f3 la decisi\u00f3n de la Unesco de preservar como al excentro clandestino de detenci\u00f3n, tortura y exterminio \u00abporque simboliza la represi\u00f3n ilegal ejecutada y coordinada por las dictaduras de la regi\u00f3n, basada en el delito de desaparici\u00f3n forzada de personas y, por lo tanto, tiene un valor excepcional para la humanidad\u00bbA trav\u00e9s de un comunicado, la entidad destac\u00f3 la decisi\u00f3n de la Unesco de preservar como al excentro clandestino de detenci\u00f3n, tortura y exterminio \u00abporque simboliza la represi\u00f3n ilegal ejecutada y coordinada por las dictaduras de la regi\u00f3n, basada en el delito de desaparici\u00f3n forzada de personas y, por lo tanto, tiene un valor excepcional para la humanidad\u00bb<\/p>\n","protected":false},"excerpt":{"rendered":"<p>A trav\u00e9s de un comunicado, la entidad destac\u00f3 la decisi\u00f3n de la Unesco de preservar&#8230;<\/p>\n","protected":false},"author":2,"featured_media":185942,"comment_status":"open","ping_status":"open","sticky":false,"template":"","format":"standard","meta":{"footnotes":""},"categories":[2],"tags":[],"class_list":["post-185941","post","type-post","status-publish","format-standard","has-post-thumbnail","hentry","category-politica"],"featured_image_urls":{"full":"","thumbnail":"","medium":"","medium_large":"","large":"","1536x1536":"","2048x2048":"","newsium-slider-full":"","newsium-featured":"","newsium-medium":""},"author_info":{"info":["c1500921"]},"category_info":"<a href=\"https:\/\/radiofenix.com.ar\/2023\/category\/politica\/\" rel=\"category tag\">Pol\u00edtica<\/a>","tag_info":"Pol\u00edtica","comment_count":"0","_links":{"self":[{"href":"https:\/\/radiofenix.com.ar\/2023\/wp-json\/wp\/v2\/posts\/185941","targetHints":{"allow":["GET"]}}],"collection":[{"href":"https:\/\/radiofenix.com.ar\/2023\/wp-json\/wp\/v2\/posts"}],"about":[{"href":"https:\/\/radiofenix.com.ar\/2023\/wp-json\/wp\/v2\/types\/post"}],"author":[{"embeddable":true,"href":"https:\/\/radiofenix.com.ar\/2023\/wp-json\/wp\/v2\/users\/2"}],"replies":[{"embeddable":true,"href":"https:\/\/radiofenix.com.ar\/2023\/wp-json\/wp\/v2\/comments?post=185941"}],"version-history":[{"count":0,"href":"https:\/\/radiofenix.com.ar\/2023\/wp-json\/wp\/v2\/posts\/185941\/revisions"}],"wp:featuredmedia":[{"embeddable":true,"href":"https:\/\/radiofenix.com.ar\/2023\/wp-json\/"}],"wp:attachment":[{"href":"https:\/\/radiofenix.com.ar\/2023\/wp-json\/wp\/v2\/media?parent=185941"}],"wp:term":[{"taxonomy":"category","embeddable":true,"href":"https:\/\/radiofenix.com.ar\/2023\/wp-json\/wp\/v2\/categories?post=185941"},{"taxonomy":"post_tag","embeddable":true,"href":"https:\/\/radiofenix.com.ar\/2023\/wp-json\/wp\/v2\/tags?post=185941"}],"curies":[{"name":"wp","href":"https:\/\/api.w.org\/{rel}","templated":true}]}}