{"id":185943,"date":"2023-09-19T22:06:24","date_gmt":"2023-09-19T22:06:24","guid":{"rendered":"http:\/\/radiofenix.com.ar\/juicio-por-rafael-nahuel-dos-heridos-mapuches-tambien-fueron-baleados-por-la-espalda\/"},"modified":"2023-09-19T22:06:24","modified_gmt":"2023-09-19T22:06:24","slug":"juicio-por-rafael-nahuel-dos-heridos-mapuches-tambien-fueron-baleados-por-la-espalda","status":"publish","type":"post","link":"https:\/\/radiofenix.com.ar\/2023\/juicio-por-rafael-nahuel-dos-heridos-mapuches-tambien-fueron-baleados-por-la-espalda\/","title":{"rendered":"Juicio por Rafael Nahuel: dos heridos mapuches tambi\u00e9n fueron baleados por la espalda"},"content":{"rendered":"<p>En la nueva audiencia del juicio oral por el crimen, se confirm\u00f3 adem\u00e1s que la pericia bal\u00edstica llevada a cabo por la Gendarmer\u00eda no pudo ser presenciada por peritos de parte propuestos por la querella ni tampoco por \u00abobservadores\u00bb que representaran a la familia de Nahuel.En la nueva audiencia del juicio oral por el crimen, se confirm\u00f3 adem\u00e1s que la pericia bal\u00edstica llevada a cabo por la Gendarmer\u00eda no pudo ser presenciada por peritos de parte propuestos por la querella ni tampoco por \u00abobservadores\u00bb que representaran a la familia de Nahuel.<\/p>\n","protected":false},"excerpt":{"rendered":"<p>En la nueva audiencia del juicio oral por el crimen, se confirm\u00f3 adem\u00e1s que la&#8230;<\/p>\n","protected":false},"author":2,"featured_media":185944,"comment_status":"open","ping_status":"open","sticky":false,"template":"","format":"standard","meta":{"footnotes":""},"categories":[2],"tags":[],"class_list":["post-185943","post","type-post","status-publish","format-standard","has-post-thumbnail","hentry","category-politica"],"featured_image_urls":{"full":"","thumbnail":"","medium":"","medium_large":"","large":"","1536x1536":"","2048x2048":"","newsium-slider-full":"","newsium-featured":"","newsium-medium":""},"author_info":{"info":["c1500921"]},"category_info":"<a href=\"https:\/\/radiofenix.com.ar\/2023\/category\/politica\/\" rel=\"category tag\">Pol\u00edtica<\/a>","tag_info":"Pol\u00edtica","comment_count":"0","_links":{"self":[{"href":"https:\/\/radiofenix.com.ar\/2023\/wp-json\/wp\/v2\/posts\/185943","targetHints":{"allow":["GET"]}}],"collection":[{"href":"https:\/\/radiofenix.com.ar\/2023\/wp-json\/wp\/v2\/posts"}],"about":[{"href":"https:\/\/radiofenix.com.ar\/2023\/wp-json\/wp\/v2\/types\/post"}],"author":[{"embeddable":true,"href":"https:\/\/radiofenix.com.ar\/2023\/wp-json\/wp\/v2\/users\/2"}],"replies":[{"embeddable":true,"href":"https:\/\/radiofenix.com.ar\/2023\/wp-json\/wp\/v2\/comments?post=185943"}],"version-history":[{"count":0,"href":"https:\/\/radiofenix.com.ar\/2023\/wp-json\/wp\/v2\/posts\/185943\/revisions"}],"wp:featuredmedia":[{"embeddable":true,"href":"https:\/\/radiofenix.com.ar\/2023\/wp-json\/"}],"wp:attachment":[{"href":"https:\/\/radiofenix.com.ar\/2023\/wp-json\/wp\/v2\/media?parent=185943"}],"wp:term":[{"taxonomy":"category","embeddable":true,"href":"https:\/\/radiofenix.com.ar\/2023\/wp-json\/wp\/v2\/categories?post=185943"},{"taxonomy":"post_tag","embeddable":true,"href":"https:\/\/radiofenix.com.ar\/2023\/wp-json\/wp\/v2\/tags?post=185943"}],"curies":[{"name":"wp","href":"https:\/\/api.w.org\/{rel}","templated":true}]}}