{"id":185949,"date":"2023-09-19T21:19:00","date_gmt":"2023-09-19T21:19:00","guid":{"rendered":"http:\/\/radiofenix.com.ar\/la-presidenta-de-la-cnea-destaco-la-estrecha-relacion-que-tienen-con-el-sector-productivo\/"},"modified":"2023-09-19T21:19:00","modified_gmt":"2023-09-19T21:19:00","slug":"la-presidenta-de-la-cnea-destaco-la-estrecha-relacion-que-tienen-con-el-sector-productivo","status":"publish","type":"post","link":"https:\/\/radiofenix.com.ar\/2023\/la-presidenta-de-la-cnea-destaco-la-estrecha-relacion-que-tienen-con-el-sector-productivo\/","title":{"rendered":"La presidenta de la CNEA destac\u00f3 la estrecha relaci\u00f3n que tienen con el sector productivo"},"content":{"rendered":"<p>Adriana Serquis resalt\u00f3 las contribuciones del organismo en la generaci\u00f3n de energ\u00eda el\u00e9ctrica hasta tratamientos para el c\u00e1ncer, pasando por la producci\u00f3n de componentes para bater\u00edas de litio y las im\u00e1genes para diagn\u00f3stico m\u00e9dico.<\/p>\n","protected":false},"excerpt":{"rendered":"<p>Adriana Serquis resalt\u00f3 las contribuciones del organismo en la generaci\u00f3n de energ\u00eda el\u00e9ctrica hasta tratamientos&#8230;<\/p>\n","protected":false},"author":2,"featured_media":185950,"comment_status":"open","ping_status":"open","sticky":false,"template":"","format":"standard","meta":{"footnotes":""},"categories":[5],"tags":[],"class_list":["post-185949","post","type-post","status-publish","format-standard","has-post-thumbnail","hentry","category-economia"],"featured_image_urls":{"full":"","thumbnail":"","medium":"","medium_large":"","large":"","1536x1536":"","2048x2048":"","newsium-slider-full":"","newsium-featured":"","newsium-medium":""},"author_info":{"info":["c1500921"]},"category_info":"<a href=\"https:\/\/radiofenix.com.ar\/2023\/category\/economia\/\" rel=\"category tag\">Economia<\/a>","tag_info":"Economia","comment_count":"0","_links":{"self":[{"href":"https:\/\/radiofenix.com.ar\/2023\/wp-json\/wp\/v2\/posts\/185949","targetHints":{"allow":["GET"]}}],"collection":[{"href":"https:\/\/radiofenix.com.ar\/2023\/wp-json\/wp\/v2\/posts"}],"about":[{"href":"https:\/\/radiofenix.com.ar\/2023\/wp-json\/wp\/v2\/types\/post"}],"author":[{"embeddable":true,"href":"https:\/\/radiofenix.com.ar\/2023\/wp-json\/wp\/v2\/users\/2"}],"replies":[{"embeddable":true,"href":"https:\/\/radiofenix.com.ar\/2023\/wp-json\/wp\/v2\/comments?post=185949"}],"version-history":[{"count":0,"href":"https:\/\/radiofenix.com.ar\/2023\/wp-json\/wp\/v2\/posts\/185949\/revisions"}],"wp:featuredmedia":[{"embeddable":true,"href":"https:\/\/radiofenix.com.ar\/2023\/wp-json\/"}],"wp:attachment":[{"href":"https:\/\/radiofenix.com.ar\/2023\/wp-json\/wp\/v2\/media?parent=185949"}],"wp:term":[{"taxonomy":"category","embeddable":true,"href":"https:\/\/radiofenix.com.ar\/2023\/wp-json\/wp\/v2\/categories?post=185949"},{"taxonomy":"post_tag","embeddable":true,"href":"https:\/\/radiofenix.com.ar\/2023\/wp-json\/wp\/v2\/tags?post=185949"}],"curies":[{"name":"wp","href":"https:\/\/api.w.org\/{rel}","templated":true}]}}