{"id":185981,"date":"2023-09-19T22:06:40","date_gmt":"2023-09-19T22:06:40","guid":{"rendered":"http:\/\/radiofenix.com.ar\/velez-y-arsenal-se-enfrentan-en-un-duelo-de-necesitados\/"},"modified":"2023-09-19T22:06:40","modified_gmt":"2023-09-19T22:06:40","slug":"velez-y-arsenal-se-enfrentan-en-un-duelo-de-necesitados","status":"publish","type":"post","link":"https:\/\/radiofenix.com.ar\/2023\/velez-y-arsenal-se-enfrentan-en-un-duelo-de-necesitados\/","title":{"rendered":"V\u00e9lez y Arsenal se enfrentan en un duelo de necesitados"},"content":{"rendered":"<p>El equipo de Liniers y el de Sarand\u00ed jugar\u00e1n este mi\u00e9rcoles desde las 18.30 en el estadio Jos\u00e9 Amalfitani, con arbitraje de Silvio Trucco y transmisi\u00f3n a cargo de la TV P\u00fablica, por la quinta jornada del torneo de Primera Divisi\u00f3n.<\/p>\n","protected":false},"excerpt":{"rendered":"<p>El equipo de Liniers y el de Sarand\u00ed jugar\u00e1n este mi\u00e9rcoles desde las 18.30 en&#8230;<\/p>\n","protected":false},"author":2,"featured_media":185982,"comment_status":"open","ping_status":"open","sticky":false,"template":"","format":"standard","meta":{"footnotes":""},"categories":[3],"tags":[],"class_list":["post-185981","post","type-post","status-publish","format-standard","has-post-thumbnail","hentry","category-deportes"],"featured_image_urls":{"full":"","thumbnail":"","medium":"","medium_large":"","large":"","1536x1536":"","2048x2048":"","newsium-slider-full":"","newsium-featured":"","newsium-medium":""},"author_info":{"info":["c1500921"]},"category_info":"<a href=\"https:\/\/radiofenix.com.ar\/2023\/category\/deportes\/\" rel=\"category tag\">Deportes<\/a>","tag_info":"Deportes","comment_count":"0","_links":{"self":[{"href":"https:\/\/radiofenix.com.ar\/2023\/wp-json\/wp\/v2\/posts\/185981","targetHints":{"allow":["GET"]}}],"collection":[{"href":"https:\/\/radiofenix.com.ar\/2023\/wp-json\/wp\/v2\/posts"}],"about":[{"href":"https:\/\/radiofenix.com.ar\/2023\/wp-json\/wp\/v2\/types\/post"}],"author":[{"embeddable":true,"href":"https:\/\/radiofenix.com.ar\/2023\/wp-json\/wp\/v2\/users\/2"}],"replies":[{"embeddable":true,"href":"https:\/\/radiofenix.com.ar\/2023\/wp-json\/wp\/v2\/comments?post=185981"}],"version-history":[{"count":0,"href":"https:\/\/radiofenix.com.ar\/2023\/wp-json\/wp\/v2\/posts\/185981\/revisions"}],"wp:featuredmedia":[{"embeddable":true,"href":"https:\/\/radiofenix.com.ar\/2023\/wp-json\/"}],"wp:attachment":[{"href":"https:\/\/radiofenix.com.ar\/2023\/wp-json\/wp\/v2\/media?parent=185981"}],"wp:term":[{"taxonomy":"category","embeddable":true,"href":"https:\/\/radiofenix.com.ar\/2023\/wp-json\/wp\/v2\/categories?post=185981"},{"taxonomy":"post_tag","embeddable":true,"href":"https:\/\/radiofenix.com.ar\/2023\/wp-json\/wp\/v2\/tags?post=185981"}],"curies":[{"name":"wp","href":"https:\/\/api.w.org\/{rel}","templated":true}]}}