{"id":185987,"date":"2023-09-20T01:19:00","date_gmt":"2023-09-20T01:19:00","guid":{"rendered":"http:\/\/radiofenix.com.ar\/little-dragon-sobre-su-disco-slugs-of-love-queriamos-celebrar-que-estabamos-vivos\/"},"modified":"2023-09-20T01:19:00","modified_gmt":"2023-09-20T01:19:00","slug":"little-dragon-sobre-su-disco-slugs-of-love-queriamos-celebrar-que-estabamos-vivos","status":"publish","type":"post","link":"https:\/\/radiofenix.com.ar\/2023\/little-dragon-sobre-su-disco-slugs-of-love-queriamos-celebrar-que-estabamos-vivos\/","title":{"rendered":"Little Dragon sobre su disco \u00abSlugs of Love\u00bb: \u00abQuer\u00edamos celebrar que est\u00e1bamos vivos\u00bb"},"content":{"rendered":"<p>La cantante Yukimi Nagano y el baterista Eirk Bodin -miembros de la banda sueca-, en charla con T\u00e9lam reflexionaron sobre su \u00faltimo disco y su recorrido musical que fusiona pop, m\u00fasica electr\u00f3nica y R&amp;B.La cantante Yukimi Nagano y el baterista Eirk Bodin -miembros de la banda sueca-, en charla con T\u00e9lam reflexionaron sobre su \u00faltimo disco y su recorrido musical que fusiona pop, m\u00fasica electr\u00f3nica y R&amp;B.<\/p>\n","protected":false},"excerpt":{"rendered":"<p>La cantante Yukimi Nagano y el baterista Eirk Bodin -miembros de la banda sueca-, en&#8230;<\/p>\n","protected":false},"author":2,"featured_media":185988,"comment_status":"open","ping_status":"open","sticky":false,"template":"","format":"standard","meta":{"footnotes":""},"categories":[4],"tags":[],"class_list":["post-185987","post","type-post","status-publish","format-standard","has-post-thumbnail","hentry","category-espectaculos"],"featured_image_urls":{"full":"","thumbnail":"","medium":"","medium_large":"","large":"","1536x1536":"","2048x2048":"","newsium-slider-full":"","newsium-featured":"","newsium-medium":""},"author_info":{"info":["c1500921"]},"category_info":"<a href=\"https:\/\/radiofenix.com.ar\/2023\/category\/espectaculos\/\" rel=\"category tag\">Espectaculos<\/a>","tag_info":"Espectaculos","comment_count":"0","_links":{"self":[{"href":"https:\/\/radiofenix.com.ar\/2023\/wp-json\/wp\/v2\/posts\/185987","targetHints":{"allow":["GET"]}}],"collection":[{"href":"https:\/\/radiofenix.com.ar\/2023\/wp-json\/wp\/v2\/posts"}],"about":[{"href":"https:\/\/radiofenix.com.ar\/2023\/wp-json\/wp\/v2\/types\/post"}],"author":[{"embeddable":true,"href":"https:\/\/radiofenix.com.ar\/2023\/wp-json\/wp\/v2\/users\/2"}],"replies":[{"embeddable":true,"href":"https:\/\/radiofenix.com.ar\/2023\/wp-json\/wp\/v2\/comments?post=185987"}],"version-history":[{"count":0,"href":"https:\/\/radiofenix.com.ar\/2023\/wp-json\/wp\/v2\/posts\/185987\/revisions"}],"wp:featuredmedia":[{"embeddable":true,"href":"https:\/\/radiofenix.com.ar\/2023\/wp-json\/"}],"wp:attachment":[{"href":"https:\/\/radiofenix.com.ar\/2023\/wp-json\/wp\/v2\/media?parent=185987"}],"wp:term":[{"taxonomy":"category","embeddable":true,"href":"https:\/\/radiofenix.com.ar\/2023\/wp-json\/wp\/v2\/categories?post=185987"},{"taxonomy":"post_tag","embeddable":true,"href":"https:\/\/radiofenix.com.ar\/2023\/wp-json\/wp\/v2\/tags?post=185987"}],"curies":[{"name":"wp","href":"https:\/\/api.w.org\/{rel}","templated":true}]}}