{"id":185995,"date":"2023-09-20T11:05:52","date_gmt":"2023-09-20T11:05:52","guid":{"rendered":"http:\/\/radiofenix.com.ar\/medicos-catolicos-repudiaron-los-agravios-de-javier-milei-al-papa-francisco\/"},"modified":"2023-09-20T11:05:52","modified_gmt":"2023-09-20T11:05:52","slug":"medicos-catolicos-repudiaron-los-agravios-de-javier-milei-al-papa-francisco","status":"publish","type":"post","link":"https:\/\/radiofenix.com.ar\/2023\/medicos-catolicos-repudiaron-los-agravios-de-javier-milei-al-papa-francisco\/","title":{"rendered":"M\u00e9dicos cat\u00f3licos repudiaron los agravios de Javier Milei al Papa Francisco"},"content":{"rendered":"<p>El Consorcio de M\u00e9dicos de Buenos Aires expres\u00f3 su \u00abtotal rechazo\u00bb a las ofensas del candidato a presidente por LLA hacia el Sumo Pont\u00edfice y subray\u00f3 que esas expresiones \u00abs\u00f3lo ponen de manifiesto la actitud de intolerancia y desconocimiento\u00bb de un aspirante a la presidencia.El Consorcio de M\u00e9dicos de Buenos Aires expres\u00f3 su \u00abtotal rechazo\u00bb a las ofensas del candidato a presidente por LLA hacia el Sumo Pont\u00edfice y subray\u00f3 que esas expresiones \u00abs\u00f3lo ponen de manifiesto la actitud de intolerancia y desconocimiento\u00bb de un aspirante a la presidencia.<\/p>\n","protected":false},"excerpt":{"rendered":"<p>El Consorcio de M\u00e9dicos de Buenos Aires expres\u00f3 su \u00abtotal rechazo\u00bb a las ofensas del&#8230;<\/p>\n","protected":false},"author":2,"featured_media":185996,"comment_status":"open","ping_status":"open","sticky":false,"template":"","format":"standard","meta":{"footnotes":""},"categories":[2],"tags":[],"class_list":["post-185995","post","type-post","status-publish","format-standard","has-post-thumbnail","hentry","category-politica"],"featured_image_urls":{"full":"","thumbnail":"","medium":"","medium_large":"","large":"","1536x1536":"","2048x2048":"","newsium-slider-full":"","newsium-featured":"","newsium-medium":""},"author_info":{"info":["c1500921"]},"category_info":"<a href=\"https:\/\/radiofenix.com.ar\/2023\/category\/politica\/\" rel=\"category tag\">Pol\u00edtica<\/a>","tag_info":"Pol\u00edtica","comment_count":"0","_links":{"self":[{"href":"https:\/\/radiofenix.com.ar\/2023\/wp-json\/wp\/v2\/posts\/185995","targetHints":{"allow":["GET"]}}],"collection":[{"href":"https:\/\/radiofenix.com.ar\/2023\/wp-json\/wp\/v2\/posts"}],"about":[{"href":"https:\/\/radiofenix.com.ar\/2023\/wp-json\/wp\/v2\/types\/post"}],"author":[{"embeddable":true,"href":"https:\/\/radiofenix.com.ar\/2023\/wp-json\/wp\/v2\/users\/2"}],"replies":[{"embeddable":true,"href":"https:\/\/radiofenix.com.ar\/2023\/wp-json\/wp\/v2\/comments?post=185995"}],"version-history":[{"count":0,"href":"https:\/\/radiofenix.com.ar\/2023\/wp-json\/wp\/v2\/posts\/185995\/revisions"}],"wp:featuredmedia":[{"embeddable":true,"href":"https:\/\/radiofenix.com.ar\/2023\/wp-json\/"}],"wp:attachment":[{"href":"https:\/\/radiofenix.com.ar\/2023\/wp-json\/wp\/v2\/media?parent=185995"}],"wp:term":[{"taxonomy":"category","embeddable":true,"href":"https:\/\/radiofenix.com.ar\/2023\/wp-json\/wp\/v2\/categories?post=185995"},{"taxonomy":"post_tag","embeddable":true,"href":"https:\/\/radiofenix.com.ar\/2023\/wp-json\/wp\/v2\/tags?post=185995"}],"curies":[{"name":"wp","href":"https:\/\/api.w.org\/{rel}","templated":true}]}}