{"id":185997,"date":"2023-09-20T11:05:52","date_gmt":"2023-09-20T11:05:52","guid":{"rendered":"http:\/\/radiofenix.com.ar\/confirman-la-validez-de-las-declaraciones-de-los-arrepentidos-en-la-causa-cuadernos\/"},"modified":"2023-09-20T11:05:52","modified_gmt":"2023-09-20T11:05:52","slug":"confirman-la-validez-de-las-declaraciones-de-los-arrepentidos-en-la-causa-cuadernos","status":"publish","type":"post","link":"https:\/\/radiofenix.com.ar\/2023\/confirman-la-validez-de-las-declaraciones-de-los-arrepentidos-en-la-causa-cuadernos\/","title":{"rendered":"Confirman la validez de las declaraciones de los \u00abarrepentidos\u00bb en la causa Cuadernos"},"content":{"rendered":"<p>La Corte Suprema, por unanimidad y con la firma de sus cuatro miembros, deneg\u00f3 un recurso planteado por la defensa del exministro de Planificaci\u00f3n Federal Julio de Vido.La Corte Suprema, por unanimidad y con la firma de sus cuatro miembros, deneg\u00f3 un recurso planteado por la defensa del exministro de Planificaci\u00f3n Federal Julio de Vido.<\/p>\n","protected":false},"excerpt":{"rendered":"<p>La Corte Suprema, por unanimidad y con la firma de sus cuatro miembros, deneg\u00f3 un&#8230;<\/p>\n","protected":false},"author":2,"featured_media":185998,"comment_status":"open","ping_status":"open","sticky":false,"template":"","format":"standard","meta":{"footnotes":""},"categories":[2],"tags":[],"class_list":["post-185997","post","type-post","status-publish","format-standard","has-post-thumbnail","hentry","category-politica"],"featured_image_urls":{"full":"","thumbnail":"","medium":"","medium_large":"","large":"","1536x1536":"","2048x2048":"","newsium-slider-full":"","newsium-featured":"","newsium-medium":""},"author_info":{"info":["c1500921"]},"category_info":"<a href=\"https:\/\/radiofenix.com.ar\/2023\/category\/politica\/\" rel=\"category tag\">Pol\u00edtica<\/a>","tag_info":"Pol\u00edtica","comment_count":"0","_links":{"self":[{"href":"https:\/\/radiofenix.com.ar\/2023\/wp-json\/wp\/v2\/posts\/185997","targetHints":{"allow":["GET"]}}],"collection":[{"href":"https:\/\/radiofenix.com.ar\/2023\/wp-json\/wp\/v2\/posts"}],"about":[{"href":"https:\/\/radiofenix.com.ar\/2023\/wp-json\/wp\/v2\/types\/post"}],"author":[{"embeddable":true,"href":"https:\/\/radiofenix.com.ar\/2023\/wp-json\/wp\/v2\/users\/2"}],"replies":[{"embeddable":true,"href":"https:\/\/radiofenix.com.ar\/2023\/wp-json\/wp\/v2\/comments?post=185997"}],"version-history":[{"count":0,"href":"https:\/\/radiofenix.com.ar\/2023\/wp-json\/wp\/v2\/posts\/185997\/revisions"}],"wp:featuredmedia":[{"embeddable":true,"href":"https:\/\/radiofenix.com.ar\/2023\/wp-json\/"}],"wp:attachment":[{"href":"https:\/\/radiofenix.com.ar\/2023\/wp-json\/wp\/v2\/media?parent=185997"}],"wp:term":[{"taxonomy":"category","embeddable":true,"href":"https:\/\/radiofenix.com.ar\/2023\/wp-json\/wp\/v2\/categories?post=185997"},{"taxonomy":"post_tag","embeddable":true,"href":"https:\/\/radiofenix.com.ar\/2023\/wp-json\/wp\/v2\/tags?post=185997"}],"curies":[{"name":"wp","href":"https:\/\/api.w.org\/{rel}","templated":true}]}}