{"id":185999,"date":"2023-09-20T11:05:53","date_gmt":"2023-09-20T11:05:53","guid":{"rendered":"http:\/\/radiofenix.com.ar\/kicillof-la-mafia-judicial-persigue-de-manera-insidiosa-a-cristina-fernandez\/"},"modified":"2023-09-20T11:05:53","modified_gmt":"2023-09-20T11:05:53","slug":"kicillof-la-mafia-judicial-persigue-de-manera-insidiosa-a-cristina-fernandez","status":"publish","type":"post","link":"https:\/\/radiofenix.com.ar\/2023\/kicillof-la-mafia-judicial-persigue-de-manera-insidiosa-a-cristina-fernandez\/","title":{"rendered":"Kicillof: \u00abLa mafia judicial persigue de manera insidiosa\u00bb a Cristina Fern\u00e1ndez"},"content":{"rendered":"<p>\u00abEsas resoluciones son una decisi\u00f3n pol\u00edtica, de campa\u00f1a\u00bb, asegur\u00f3 el gobernador bonaerense sobre el pedido de la\u00a0C\u00e1mara de Casaci\u00f3n de\u00a0reabrir las investigaciones en las causas de Hotesur y el Memorando con Ir\u00e1n.\u00bbEsas resoluciones son una decisi\u00f3n pol\u00edtica, de campa\u00f1a\u00bb, asegur\u00f3 el gobernador bonaerense sobre el pedido de la\u00a0C\u00e1mara de Casaci\u00f3n de\u00a0reabrir las investigaciones en las causas de Hotesur y el Memorando con Ir\u00e1n.<\/p>\n","protected":false},"excerpt":{"rendered":"<p>\u00abEsas resoluciones son una decisi\u00f3n pol\u00edtica, de campa\u00f1a\u00bb, asegur\u00f3 el gobernador bonaerense sobre el pedido&#8230;<\/p>\n","protected":false},"author":2,"featured_media":186000,"comment_status":"open","ping_status":"open","sticky":false,"template":"","format":"standard","meta":{"footnotes":""},"categories":[2],"tags":[],"class_list":["post-185999","post","type-post","status-publish","format-standard","has-post-thumbnail","hentry","category-politica"],"featured_image_urls":{"full":"","thumbnail":"","medium":"","medium_large":"","large":"","1536x1536":"","2048x2048":"","newsium-slider-full":"","newsium-featured":"","newsium-medium":""},"author_info":{"info":["c1500921"]},"category_info":"<a href=\"https:\/\/radiofenix.com.ar\/2023\/category\/politica\/\" rel=\"category tag\">Pol\u00edtica<\/a>","tag_info":"Pol\u00edtica","comment_count":"0","_links":{"self":[{"href":"https:\/\/radiofenix.com.ar\/2023\/wp-json\/wp\/v2\/posts\/185999","targetHints":{"allow":["GET"]}}],"collection":[{"href":"https:\/\/radiofenix.com.ar\/2023\/wp-json\/wp\/v2\/posts"}],"about":[{"href":"https:\/\/radiofenix.com.ar\/2023\/wp-json\/wp\/v2\/types\/post"}],"author":[{"embeddable":true,"href":"https:\/\/radiofenix.com.ar\/2023\/wp-json\/wp\/v2\/users\/2"}],"replies":[{"embeddable":true,"href":"https:\/\/radiofenix.com.ar\/2023\/wp-json\/wp\/v2\/comments?post=185999"}],"version-history":[{"count":0,"href":"https:\/\/radiofenix.com.ar\/2023\/wp-json\/wp\/v2\/posts\/185999\/revisions"}],"wp:featuredmedia":[{"embeddable":true,"href":"https:\/\/radiofenix.com.ar\/2023\/wp-json\/"}],"wp:attachment":[{"href":"https:\/\/radiofenix.com.ar\/2023\/wp-json\/wp\/v2\/media?parent=185999"}],"wp:term":[{"taxonomy":"category","embeddable":true,"href":"https:\/\/radiofenix.com.ar\/2023\/wp-json\/wp\/v2\/categories?post=185999"},{"taxonomy":"post_tag","embeddable":true,"href":"https:\/\/radiofenix.com.ar\/2023\/wp-json\/wp\/v2\/tags?post=185999"}],"curies":[{"name":"wp","href":"https:\/\/api.w.org\/{rel}","templated":true}]}}