{"id":186001,"date":"2023-09-20T11:05:53","date_gmt":"2023-09-20T11:05:53","guid":{"rendered":"http:\/\/radiofenix.com.ar\/cristina-fernandez-celebro-el-reconocimiento-al-museo-sitio-de-memoria-esma\/"},"modified":"2023-09-20T11:05:53","modified_gmt":"2023-09-20T11:05:53","slug":"cristina-fernandez-celebro-el-reconocimiento-al-museo-sitio-de-memoria-esma","status":"publish","type":"post","link":"https:\/\/radiofenix.com.ar\/2023\/cristina-fernandez-celebro-el-reconocimiento-al-museo-sitio-de-memoria-esma\/","title":{"rendered":"Cristina Fern\u00e1ndez celebr\u00f3 el reconocimiento al Museo Sitio de Memoria ESMA"},"content":{"rendered":"<p>La vicepresidenta festej\u00f3 la declaraci\u00f3n del Sitio como Patrimonio de la Humanidad\u00a0y record\u00f3 que las instalaciones fueron inauguradas por su gesti\u00f3n en 2015. Ponder\u00f3 la labor de la genetista Mary-Claire King por su m\u00e9todo\u00a0para identificar, a trav\u00e9s del ADN,\u00a0a los nietos y nietas apropiadas.La vicepresidenta festej\u00f3 la declaraci\u00f3n del Sitio como Patrimonio de la Humanidad\u00a0y record\u00f3 que las instalaciones fueron inauguradas por su gesti\u00f3n en 2015. Ponder\u00f3 la labor de la genetista Mary-Claire King por su m\u00e9todo\u00a0para identificar, a trav\u00e9s del ADN,\u00a0a los nietos y nietas apropiadas.<\/p>\n","protected":false},"excerpt":{"rendered":"<p>La vicepresidenta festej\u00f3 la declaraci\u00f3n del Sitio como Patrimonio de la Humanidad\u00a0y record\u00f3 que las&#8230;<\/p>\n","protected":false},"author":2,"featured_media":186002,"comment_status":"open","ping_status":"open","sticky":false,"template":"","format":"standard","meta":{"footnotes":""},"categories":[2],"tags":[],"class_list":["post-186001","post","type-post","status-publish","format-standard","has-post-thumbnail","hentry","category-politica"],"featured_image_urls":{"full":"","thumbnail":"","medium":"","medium_large":"","large":"","1536x1536":"","2048x2048":"","newsium-slider-full":"","newsium-featured":"","newsium-medium":""},"author_info":{"info":["c1500921"]},"category_info":"<a href=\"https:\/\/radiofenix.com.ar\/2023\/category\/politica\/\" rel=\"category tag\">Pol\u00edtica<\/a>","tag_info":"Pol\u00edtica","comment_count":"0","_links":{"self":[{"href":"https:\/\/radiofenix.com.ar\/2023\/wp-json\/wp\/v2\/posts\/186001","targetHints":{"allow":["GET"]}}],"collection":[{"href":"https:\/\/radiofenix.com.ar\/2023\/wp-json\/wp\/v2\/posts"}],"about":[{"href":"https:\/\/radiofenix.com.ar\/2023\/wp-json\/wp\/v2\/types\/post"}],"author":[{"embeddable":true,"href":"https:\/\/radiofenix.com.ar\/2023\/wp-json\/wp\/v2\/users\/2"}],"replies":[{"embeddable":true,"href":"https:\/\/radiofenix.com.ar\/2023\/wp-json\/wp\/v2\/comments?post=186001"}],"version-history":[{"count":0,"href":"https:\/\/radiofenix.com.ar\/2023\/wp-json\/wp\/v2\/posts\/186001\/revisions"}],"wp:featuredmedia":[{"embeddable":true,"href":"https:\/\/radiofenix.com.ar\/2023\/wp-json\/"}],"wp:attachment":[{"href":"https:\/\/radiofenix.com.ar\/2023\/wp-json\/wp\/v2\/media?parent=186001"}],"wp:term":[{"taxonomy":"category","embeddable":true,"href":"https:\/\/radiofenix.com.ar\/2023\/wp-json\/wp\/v2\/categories?post=186001"},{"taxonomy":"post_tag","embeddable":true,"href":"https:\/\/radiofenix.com.ar\/2023\/wp-json\/wp\/v2\/tags?post=186001"}],"curies":[{"name":"wp","href":"https:\/\/api.w.org\/{rel}","templated":true}]}}