{"id":186003,"date":"2023-09-20T11:05:54","date_gmt":"2023-09-20T11:05:54","guid":{"rendered":"http:\/\/radiofenix.com.ar\/un-lugar-que-permite-vivenciar-los-horrores-del-terrorismo-de-estado\/"},"modified":"2023-09-20T11:05:54","modified_gmt":"2023-09-20T11:05:54","slug":"un-lugar-que-permite-vivenciar-los-horrores-del-terrorismo-de-estado","status":"publish","type":"post","link":"https:\/\/radiofenix.com.ar\/2023\/un-lugar-que-permite-vivenciar-los-horrores-del-terrorismo-de-estado\/","title":{"rendered":"Un lugar que permite vivenciar los horrores del terrorismo de Estado"},"content":{"rendered":"<p>All\u00ed funcion\u00f3 el centro clandestino de detenci\u00f3n m\u00e1s grande que oper\u00f3 en la ciudad de Buenos Aires durante la \u00faltima dictadura c\u00edvico-militar. Se convirti\u00f3 en un espacio que da testimonio de los cr\u00edmenes de lesa humanidad y que ya\u00a0visitaron unas 400.000 personas.All\u00ed funcion\u00f3 el centro clandestino de detenci\u00f3n m\u00e1s grande que oper\u00f3 en la ciudad de Buenos Aires durante la \u00faltima dictadura c\u00edvico-militar. Se convirti\u00f3 en un espacio que da testimonio de los cr\u00edmenes de lesa humanidad y que ya\u00a0visitaron unas 400.000 personas.<\/p>\n","protected":false},"excerpt":{"rendered":"<p>All\u00ed funcion\u00f3 el centro clandestino de detenci\u00f3n m\u00e1s grande que oper\u00f3 en la ciudad de&#8230;<\/p>\n","protected":false},"author":2,"featured_media":186004,"comment_status":"open","ping_status":"open","sticky":false,"template":"","format":"standard","meta":{"footnotes":""},"categories":[2],"tags":[],"class_list":["post-186003","post","type-post","status-publish","format-standard","has-post-thumbnail","hentry","category-politica"],"featured_image_urls":{"full":"","thumbnail":"","medium":"","medium_large":"","large":"","1536x1536":"","2048x2048":"","newsium-slider-full":"","newsium-featured":"","newsium-medium":""},"author_info":{"info":["c1500921"]},"category_info":"<a href=\"https:\/\/radiofenix.com.ar\/2023\/category\/politica\/\" rel=\"category tag\">Pol\u00edtica<\/a>","tag_info":"Pol\u00edtica","comment_count":"0","_links":{"self":[{"href":"https:\/\/radiofenix.com.ar\/2023\/wp-json\/wp\/v2\/posts\/186003","targetHints":{"allow":["GET"]}}],"collection":[{"href":"https:\/\/radiofenix.com.ar\/2023\/wp-json\/wp\/v2\/posts"}],"about":[{"href":"https:\/\/radiofenix.com.ar\/2023\/wp-json\/wp\/v2\/types\/post"}],"author":[{"embeddable":true,"href":"https:\/\/radiofenix.com.ar\/2023\/wp-json\/wp\/v2\/users\/2"}],"replies":[{"embeddable":true,"href":"https:\/\/radiofenix.com.ar\/2023\/wp-json\/wp\/v2\/comments?post=186003"}],"version-history":[{"count":0,"href":"https:\/\/radiofenix.com.ar\/2023\/wp-json\/wp\/v2\/posts\/186003\/revisions"}],"wp:featuredmedia":[{"embeddable":true,"href":"https:\/\/radiofenix.com.ar\/2023\/wp-json\/"}],"wp:attachment":[{"href":"https:\/\/radiofenix.com.ar\/2023\/wp-json\/wp\/v2\/media?parent=186003"}],"wp:term":[{"taxonomy":"category","embeddable":true,"href":"https:\/\/radiofenix.com.ar\/2023\/wp-json\/wp\/v2\/categories?post=186003"},{"taxonomy":"post_tag","embeddable":true,"href":"https:\/\/radiofenix.com.ar\/2023\/wp-json\/wp\/v2\/tags?post=186003"}],"curies":[{"name":"wp","href":"https:\/\/api.w.org\/{rel}","templated":true}]}}