{"id":186007,"date":"2023-09-20T10:15:00","date_gmt":"2023-09-20T10:15:00","guid":{"rendered":"http:\/\/radiofenix.com.ar\/diputados-aprobo-y-envio-al-senado-el-proyecto-de-ley-de-empleo-mipyme\/"},"modified":"2023-09-20T10:15:00","modified_gmt":"2023-09-20T10:15:00","slug":"diputados-aprobo-y-envio-al-senado-el-proyecto-de-ley-de-empleo-mipyme","status":"publish","type":"post","link":"https:\/\/radiofenix.com.ar\/2023\/diputados-aprobo-y-envio-al-senado-el-proyecto-de-ley-de-empleo-mipyme\/","title":{"rendered":"Diputados aprob\u00f3 y envi\u00f3 al Senado el proyecto de ley de Empleo &#8216;Mipyme&#8217;"},"content":{"rendered":"<p>El programa apunta a \u00abfomentar la contrataci\u00f3n formal de trabajadores, a impulsar la transformaci\u00f3n de los que hoy son beneficiarios de planes sociales y a erradicar la informalidad, principalmente en microempresas\u00bb, seg\u00fan explic\u00f3 el presidente de la comisi\u00f3n de Presupuesto y Hacienda, Carlos Heller.<\/p>\n","protected":false},"excerpt":{"rendered":"<p>El programa apunta a \u00abfomentar la contrataci\u00f3n formal de trabajadores, a impulsar la transformaci\u00f3n de&#8230;<\/p>\n","protected":false},"author":2,"featured_media":186008,"comment_status":"open","ping_status":"open","sticky":false,"template":"","format":"standard","meta":{"footnotes":""},"categories":[5],"tags":[],"class_list":["post-186007","post","type-post","status-publish","format-standard","has-post-thumbnail","hentry","category-economia"],"featured_image_urls":{"full":"","thumbnail":"","medium":"","medium_large":"","large":"","1536x1536":"","2048x2048":"","newsium-slider-full":"","newsium-featured":"","newsium-medium":""},"author_info":{"info":["c1500921"]},"category_info":"<a href=\"https:\/\/radiofenix.com.ar\/2023\/category\/economia\/\" rel=\"category tag\">Economia<\/a>","tag_info":"Economia","comment_count":"0","_links":{"self":[{"href":"https:\/\/radiofenix.com.ar\/2023\/wp-json\/wp\/v2\/posts\/186007","targetHints":{"allow":["GET"]}}],"collection":[{"href":"https:\/\/radiofenix.com.ar\/2023\/wp-json\/wp\/v2\/posts"}],"about":[{"href":"https:\/\/radiofenix.com.ar\/2023\/wp-json\/wp\/v2\/types\/post"}],"author":[{"embeddable":true,"href":"https:\/\/radiofenix.com.ar\/2023\/wp-json\/wp\/v2\/users\/2"}],"replies":[{"embeddable":true,"href":"https:\/\/radiofenix.com.ar\/2023\/wp-json\/wp\/v2\/comments?post=186007"}],"version-history":[{"count":0,"href":"https:\/\/radiofenix.com.ar\/2023\/wp-json\/wp\/v2\/posts\/186007\/revisions"}],"wp:featuredmedia":[{"embeddable":true,"href":"https:\/\/radiofenix.com.ar\/2023\/wp-json\/"}],"wp:attachment":[{"href":"https:\/\/radiofenix.com.ar\/2023\/wp-json\/wp\/v2\/media?parent=186007"}],"wp:term":[{"taxonomy":"category","embeddable":true,"href":"https:\/\/radiofenix.com.ar\/2023\/wp-json\/wp\/v2\/categories?post=186007"},{"taxonomy":"post_tag","embeddable":true,"href":"https:\/\/radiofenix.com.ar\/2023\/wp-json\/wp\/v2\/tags?post=186007"}],"curies":[{"name":"wp","href":"https:\/\/api.w.org\/{rel}","templated":true}]}}