{"id":186011,"date":"2023-09-19T22:22:00","date_gmt":"2023-09-19T22:22:00","guid":{"rendered":"http:\/\/radiofenix.com.ar\/presentaron-la-estrategia-nacional-para-el-desarrollo-de-la-economia-del-hidrogeno\/"},"modified":"2023-09-19T22:22:00","modified_gmt":"2023-09-19T22:22:00","slug":"presentaron-la-estrategia-nacional-para-el-desarrollo-de-la-economia-del-hidrogeno","status":"publish","type":"post","link":"https:\/\/radiofenix.com.ar\/2023\/presentaron-la-estrategia-nacional-para-el-desarrollo-de-la-economia-del-hidrogeno\/","title":{"rendered":"Presentaron la Estrategia Nacional para el Desarrollo de la Econom\u00eda del Hidr\u00f3geno"},"content":{"rendered":"<p>&amp;ldquo;Tierra del Fuego tiene un plan de desarrollo que apunta a la\u00a0transformaci\u00f3n de su matriz productiva\u00a0para\u00a0crear empleo\u00a0y promover la industrializaci\u00f3n con un fuerte compromiso con el medio ambiente\u00bb, expres\u00f3 Marc\u00f3 del Pont en la presentaci\u00f3n en Ushuaia.\u00a0<\/p>\n","protected":false},"excerpt":{"rendered":"<p>&amp;ldquo;Tierra del Fuego tiene un plan de desarrollo que apunta a la\u00a0transformaci\u00f3n de su matriz&#8230;<\/p>\n","protected":false},"author":2,"featured_media":186012,"comment_status":"open","ping_status":"open","sticky":false,"template":"","format":"standard","meta":{"footnotes":""},"categories":[5],"tags":[],"class_list":["post-186011","post","type-post","status-publish","format-standard","has-post-thumbnail","hentry","category-economia"],"featured_image_urls":{"full":"","thumbnail":"","medium":"","medium_large":"","large":"","1536x1536":"","2048x2048":"","newsium-slider-full":"","newsium-featured":"","newsium-medium":""},"author_info":{"info":["c1500921"]},"category_info":"<a href=\"https:\/\/radiofenix.com.ar\/2023\/category\/economia\/\" rel=\"category tag\">Economia<\/a>","tag_info":"Economia","comment_count":"0","_links":{"self":[{"href":"https:\/\/radiofenix.com.ar\/2023\/wp-json\/wp\/v2\/posts\/186011","targetHints":{"allow":["GET"]}}],"collection":[{"href":"https:\/\/radiofenix.com.ar\/2023\/wp-json\/wp\/v2\/posts"}],"about":[{"href":"https:\/\/radiofenix.com.ar\/2023\/wp-json\/wp\/v2\/types\/post"}],"author":[{"embeddable":true,"href":"https:\/\/radiofenix.com.ar\/2023\/wp-json\/wp\/v2\/users\/2"}],"replies":[{"embeddable":true,"href":"https:\/\/radiofenix.com.ar\/2023\/wp-json\/wp\/v2\/comments?post=186011"}],"version-history":[{"count":0,"href":"https:\/\/radiofenix.com.ar\/2023\/wp-json\/wp\/v2\/posts\/186011\/revisions"}],"wp:featuredmedia":[{"embeddable":true,"href":"https:\/\/radiofenix.com.ar\/2023\/wp-json\/"}],"wp:attachment":[{"href":"https:\/\/radiofenix.com.ar\/2023\/wp-json\/wp\/v2\/media?parent=186011"}],"wp:term":[{"taxonomy":"category","embeddable":true,"href":"https:\/\/radiofenix.com.ar\/2023\/wp-json\/wp\/v2\/categories?post=186011"},{"taxonomy":"post_tag","embeddable":true,"href":"https:\/\/radiofenix.com.ar\/2023\/wp-json\/wp\/v2\/tags?post=186011"}],"curies":[{"name":"wp","href":"https:\/\/api.w.org\/{rel}","templated":true}]}}