{"id":186027,"date":"2023-09-20T11:06:05","date_gmt":"2023-09-20T11:06:05","guid":{"rendered":"http:\/\/radiofenix.com.ar\/independiente-igualo-ante-central-aunque-merecio-mas-y-parece-olvidarse-del-descenso\/"},"modified":"2023-09-20T11:06:05","modified_gmt":"2023-09-20T11:06:05","slug":"independiente-igualo-ante-central-aunque-merecio-mas-y-parece-olvidarse-del-descenso","status":"publish","type":"post","link":"https:\/\/radiofenix.com.ar\/2023\/independiente-igualo-ante-central-aunque-merecio-mas-y-parece-olvidarse-del-descenso\/","title":{"rendered":"Independiente igual\u00f3 ante Central, aunque mereci\u00f3 m\u00e1s y parece olvidarse del descenso"},"content":{"rendered":"<p>El \u00abRojo\u00bb ganaba con un gol de B\u00e1ez de taco (45m ST) pero no lo pudo sostener y Campaz lo igual\u00f3 (31m ST). Los dirigidos por Carlos Tevez van puntero en su zona de la Copa de la Liga y siguen invicto desde su llegada, tomando cada vez m\u00e1s ox\u00edgeno para evitar los \u00faltimos dos puestos de la tabla general.<\/p>\n","protected":false},"excerpt":{"rendered":"<p>El \u00abRojo\u00bb ganaba con un gol de B\u00e1ez de taco (45m ST) pero no lo&#8230;<\/p>\n","protected":false},"author":2,"featured_media":186028,"comment_status":"open","ping_status":"open","sticky":false,"template":"","format":"standard","meta":{"footnotes":""},"categories":[3],"tags":[],"class_list":["post-186027","post","type-post","status-publish","format-standard","has-post-thumbnail","hentry","category-deportes"],"featured_image_urls":{"full":"","thumbnail":"","medium":"","medium_large":"","large":"","1536x1536":"","2048x2048":"","newsium-slider-full":"","newsium-featured":"","newsium-medium":""},"author_info":{"info":["c1500921"]},"category_info":"<a href=\"https:\/\/radiofenix.com.ar\/2023\/category\/deportes\/\" rel=\"category tag\">Deportes<\/a>","tag_info":"Deportes","comment_count":"0","_links":{"self":[{"href":"https:\/\/radiofenix.com.ar\/2023\/wp-json\/wp\/v2\/posts\/186027","targetHints":{"allow":["GET"]}}],"collection":[{"href":"https:\/\/radiofenix.com.ar\/2023\/wp-json\/wp\/v2\/posts"}],"about":[{"href":"https:\/\/radiofenix.com.ar\/2023\/wp-json\/wp\/v2\/types\/post"}],"author":[{"embeddable":true,"href":"https:\/\/radiofenix.com.ar\/2023\/wp-json\/wp\/v2\/users\/2"}],"replies":[{"embeddable":true,"href":"https:\/\/radiofenix.com.ar\/2023\/wp-json\/wp\/v2\/comments?post=186027"}],"version-history":[{"count":0,"href":"https:\/\/radiofenix.com.ar\/2023\/wp-json\/wp\/v2\/posts\/186027\/revisions"}],"wp:featuredmedia":[{"embeddable":true,"href":"https:\/\/radiofenix.com.ar\/2023\/wp-json\/"}],"wp:attachment":[{"href":"https:\/\/radiofenix.com.ar\/2023\/wp-json\/wp\/v2\/media?parent=186027"}],"wp:term":[{"taxonomy":"category","embeddable":true,"href":"https:\/\/radiofenix.com.ar\/2023\/wp-json\/wp\/v2\/categories?post=186027"},{"taxonomy":"post_tag","embeddable":true,"href":"https:\/\/radiofenix.com.ar\/2023\/wp-json\/wp\/v2\/tags?post=186027"}],"curies":[{"name":"wp","href":"https:\/\/api.w.org\/{rel}","templated":true}]}}