{"id":186037,"date":"2023-09-20T20:50:00","date_gmt":"2023-09-20T20:50:00","guid":{"rendered":"http:\/\/radiofenix.com.ar\/nace-el-futuro-imposible-una-serie-animada-sobre-la-lucha-contra-el-colapso-ambiental\/"},"modified":"2023-09-20T20:50:00","modified_gmt":"2023-09-20T20:50:00","slug":"nace-el-futuro-imposible-una-serie-animada-sobre-la-lucha-contra-el-colapso-ambiental","status":"publish","type":"post","link":"https:\/\/radiofenix.com.ar\/2023\/nace-el-futuro-imposible-una-serie-animada-sobre-la-lucha-contra-el-colapso-ambiental\/","title":{"rendered":"Nace \u201cEl Futuro Imposible\u201d, una serie animada sobre la lucha contra el colapso ambiental"},"content":{"rendered":"<p>Desde Bariloche, uno de los directores y guionista de la serie ganadora del concurso \u00abRenacer\u00bb del Ministerio de Cultura y que recientemente estuvo en el Festival de Annecy, Francia, cont\u00f3 a T\u00e9lam los detalles sobre el proyecto colectivo sin fin de lucro que muestra a trav\u00e9s de la animaci\u00f3n las consecuencias de la contaminaci\u00f3n.Desde Bariloche, uno de los directores y guionista de la serie ganadora del concurso \u00abRenacer\u00bb del Ministerio de Cultura y que recientemente estuvo en el Festival de Annecy, Francia, cont\u00f3 a T\u00e9lam los detalles sobre el proyecto colectivo sin fin de lucro que muestra a trav\u00e9s de la animaci\u00f3n las consecuencias de la contaminaci\u00f3n.<\/p>\n","protected":false},"excerpt":{"rendered":"<p>Desde Bariloche, uno de los directores y guionista de la serie ganadora del concurso \u00abRenacer\u00bb&#8230;<\/p>\n","protected":false},"author":2,"featured_media":186038,"comment_status":"open","ping_status":"open","sticky":false,"template":"","format":"standard","meta":{"footnotes":""},"categories":[4],"tags":[],"class_list":["post-186037","post","type-post","status-publish","format-standard","has-post-thumbnail","hentry","category-espectaculos"],"featured_image_urls":{"full":"","thumbnail":"","medium":"","medium_large":"","large":"","1536x1536":"","2048x2048":"","newsium-slider-full":"","newsium-featured":"","newsium-medium":""},"author_info":{"info":["c1500921"]},"category_info":"<a href=\"https:\/\/radiofenix.com.ar\/2023\/category\/espectaculos\/\" rel=\"category tag\">Espectaculos<\/a>","tag_info":"Espectaculos","comment_count":"0","_links":{"self":[{"href":"https:\/\/radiofenix.com.ar\/2023\/wp-json\/wp\/v2\/posts\/186037","targetHints":{"allow":["GET"]}}],"collection":[{"href":"https:\/\/radiofenix.com.ar\/2023\/wp-json\/wp\/v2\/posts"}],"about":[{"href":"https:\/\/radiofenix.com.ar\/2023\/wp-json\/wp\/v2\/types\/post"}],"author":[{"embeddable":true,"href":"https:\/\/radiofenix.com.ar\/2023\/wp-json\/wp\/v2\/users\/2"}],"replies":[{"embeddable":true,"href":"https:\/\/radiofenix.com.ar\/2023\/wp-json\/wp\/v2\/comments?post=186037"}],"version-history":[{"count":0,"href":"https:\/\/radiofenix.com.ar\/2023\/wp-json\/wp\/v2\/posts\/186037\/revisions"}],"wp:featuredmedia":[{"embeddable":true,"href":"https:\/\/radiofenix.com.ar\/2023\/wp-json\/"}],"wp:attachment":[{"href":"https:\/\/radiofenix.com.ar\/2023\/wp-json\/wp\/v2\/media?parent=186037"}],"wp:term":[{"taxonomy":"category","embeddable":true,"href":"https:\/\/radiofenix.com.ar\/2023\/wp-json\/wp\/v2\/categories?post=186037"},{"taxonomy":"post_tag","embeddable":true,"href":"https:\/\/radiofenix.com.ar\/2023\/wp-json\/wp\/v2\/tags?post=186037"}],"curies":[{"name":"wp","href":"https:\/\/api.w.org\/{rel}","templated":true}]}}