{"id":186039,"date":"2023-09-20T20:04:00","date_gmt":"2023-09-20T20:04:00","guid":{"rendered":"http:\/\/radiofenix.com.ar\/ya-esta-disponible-en-plataformas-el-repertorio-de-la-cuenca-matanza-riachuelo\/"},"modified":"2023-09-20T20:04:00","modified_gmt":"2023-09-20T20:04:00","slug":"ya-esta-disponible-en-plataformas-el-repertorio-de-la-cuenca-matanza-riachuelo","status":"publish","type":"post","link":"https:\/\/radiofenix.com.ar\/2023\/ya-esta-disponible-en-plataformas-el-repertorio-de-la-cuenca-matanza-riachuelo\/","title":{"rendered":"Ya est\u00e1 disponible en plataformas el repertorio de la Cuenca Matanza-Riachuelo"},"content":{"rendered":"<p>Desde este mi\u00e9rcoles, los temas que integran la producci\u00f3n de ACUMAR sobre los sones que se oyen en las orillas del r\u00edo se pueden escuchar o ver en Spotify, Youtube Music, Amazon, Apple Music, Deezer, iHeartRadio, Tidal, Qobuz, Pandora, Napster, entre otras.Desde este mi\u00e9rcoles, los temas que integran la producci\u00f3n de ACUMAR sobre los sones que se oyen en las orillas del r\u00edo se pueden escuchar o ver en Spotify, Youtube Music, Amazon, Apple Music, Deezer, iHeartRadio, Tidal, Qobuz, Pandora, Napster, entre otras.<\/p>\n","protected":false},"excerpt":{"rendered":"<p>Desde este mi\u00e9rcoles, los temas que integran la producci\u00f3n de ACUMAR sobre los sones que&#8230;<\/p>\n","protected":false},"author":2,"featured_media":186040,"comment_status":"open","ping_status":"open","sticky":false,"template":"","format":"standard","meta":{"footnotes":""},"categories":[4],"tags":[],"class_list":["post-186039","post","type-post","status-publish","format-standard","has-post-thumbnail","hentry","category-espectaculos"],"featured_image_urls":{"full":"","thumbnail":"","medium":"","medium_large":"","large":"","1536x1536":"","2048x2048":"","newsium-slider-full":"","newsium-featured":"","newsium-medium":""},"author_info":{"info":["c1500921"]},"category_info":"<a href=\"https:\/\/radiofenix.com.ar\/2023\/category\/espectaculos\/\" rel=\"category tag\">Espectaculos<\/a>","tag_info":"Espectaculos","comment_count":"0","_links":{"self":[{"href":"https:\/\/radiofenix.com.ar\/2023\/wp-json\/wp\/v2\/posts\/186039","targetHints":{"allow":["GET"]}}],"collection":[{"href":"https:\/\/radiofenix.com.ar\/2023\/wp-json\/wp\/v2\/posts"}],"about":[{"href":"https:\/\/radiofenix.com.ar\/2023\/wp-json\/wp\/v2\/types\/post"}],"author":[{"embeddable":true,"href":"https:\/\/radiofenix.com.ar\/2023\/wp-json\/wp\/v2\/users\/2"}],"replies":[{"embeddable":true,"href":"https:\/\/radiofenix.com.ar\/2023\/wp-json\/wp\/v2\/comments?post=186039"}],"version-history":[{"count":0,"href":"https:\/\/radiofenix.com.ar\/2023\/wp-json\/wp\/v2\/posts\/186039\/revisions"}],"wp:featuredmedia":[{"embeddable":true,"href":"https:\/\/radiofenix.com.ar\/2023\/wp-json\/"}],"wp:attachment":[{"href":"https:\/\/radiofenix.com.ar\/2023\/wp-json\/wp\/v2\/media?parent=186039"}],"wp:term":[{"taxonomy":"category","embeddable":true,"href":"https:\/\/radiofenix.com.ar\/2023\/wp-json\/wp\/v2\/categories?post=186039"},{"taxonomy":"post_tag","embeddable":true,"href":"https:\/\/radiofenix.com.ar\/2023\/wp-json\/wp\/v2\/tags?post=186039"}],"curies":[{"name":"wp","href":"https:\/\/api.w.org\/{rel}","templated":true}]}}