{"id":186041,"date":"2023-09-20T19:15:00","date_gmt":"2023-09-20T19:15:00","guid":{"rendered":"http:\/\/radiofenix.com.ar\/fabi-cantilo-llevo-once-anos-limpia-y-sin-novio-ni-amante-ni-nada\/"},"modified":"2023-09-20T19:15:00","modified_gmt":"2023-09-20T19:15:00","slug":"fabi-cantilo-llevo-once-anos-limpia-y-sin-novio-ni-amante-ni-nada","status":"publish","type":"post","link":"https:\/\/radiofenix.com.ar\/2023\/fabi-cantilo-llevo-once-anos-limpia-y-sin-novio-ni-amante-ni-nada\/","title":{"rendered":"Fabi Cantilo: \u201dLlevo once a\u00f1os limpia y sin novio, ni amante, ni nada\u00bb"},"content":{"rendered":"<p>En charla con T\u00e9lam, Fabiana hizo un repaso de sus m\u00e1s de cuatro intensas d\u00e9cadas de rock and roll, de los tiempos dif\u00edciles, de los muchos de gloria, de sus pasiones literarias, de sus inminentes shows en el pa\u00eds, y de su nuevo proyecto -\u00abL\u00e1grimas de fuego\u00bb-, una pel\u00edcula que la tendr\u00e1 como protagonista.En charla con T\u00e9lam, Fabiana hizo un repaso de sus m\u00e1s de cuatro intensas d\u00e9cadas de rock and roll, de los tiempos dif\u00edciles, de los muchos de gloria, de sus pasiones literarias, de sus inminentes shows en el pa\u00eds, y de su nuevo proyecto -\u00abL\u00e1grimas de fuego\u00bb-, una pel\u00edcula que la tendr\u00e1 como protagonista.<\/p>\n","protected":false},"excerpt":{"rendered":"<p>En charla con T\u00e9lam, Fabiana hizo un repaso de sus m\u00e1s de cuatro intensas d\u00e9cadas&#8230;<\/p>\n","protected":false},"author":2,"featured_media":186042,"comment_status":"open","ping_status":"open","sticky":false,"template":"","format":"standard","meta":{"footnotes":""},"categories":[4],"tags":[],"class_list":["post-186041","post","type-post","status-publish","format-standard","has-post-thumbnail","hentry","category-espectaculos"],"featured_image_urls":{"full":"","thumbnail":"","medium":"","medium_large":"","large":"","1536x1536":"","2048x2048":"","newsium-slider-full":"","newsium-featured":"","newsium-medium":""},"author_info":{"info":["c1500921"]},"category_info":"<a href=\"https:\/\/radiofenix.com.ar\/2023\/category\/espectaculos\/\" rel=\"category tag\">Espectaculos<\/a>","tag_info":"Espectaculos","comment_count":"0","_links":{"self":[{"href":"https:\/\/radiofenix.com.ar\/2023\/wp-json\/wp\/v2\/posts\/186041","targetHints":{"allow":["GET"]}}],"collection":[{"href":"https:\/\/radiofenix.com.ar\/2023\/wp-json\/wp\/v2\/posts"}],"about":[{"href":"https:\/\/radiofenix.com.ar\/2023\/wp-json\/wp\/v2\/types\/post"}],"author":[{"embeddable":true,"href":"https:\/\/radiofenix.com.ar\/2023\/wp-json\/wp\/v2\/users\/2"}],"replies":[{"embeddable":true,"href":"https:\/\/radiofenix.com.ar\/2023\/wp-json\/wp\/v2\/comments?post=186041"}],"version-history":[{"count":0,"href":"https:\/\/radiofenix.com.ar\/2023\/wp-json\/wp\/v2\/posts\/186041\/revisions"}],"wp:featuredmedia":[{"embeddable":true,"href":"https:\/\/radiofenix.com.ar\/2023\/wp-json\/"}],"wp:attachment":[{"href":"https:\/\/radiofenix.com.ar\/2023\/wp-json\/wp\/v2\/media?parent=186041"}],"wp:term":[{"taxonomy":"category","embeddable":true,"href":"https:\/\/radiofenix.com.ar\/2023\/wp-json\/wp\/v2\/categories?post=186041"},{"taxonomy":"post_tag","embeddable":true,"href":"https:\/\/radiofenix.com.ar\/2023\/wp-json\/wp\/v2\/tags?post=186041"}],"curies":[{"name":"wp","href":"https:\/\/api.w.org\/{rel}","templated":true}]}}