{"id":186043,"date":"2023-09-20T18:26:00","date_gmt":"2023-09-20T18:26:00","guid":{"rendered":"http:\/\/radiofenix.com.ar\/una-comedia-que-sin-quererlo-entra-en-la-coyuntura-tragica-de-las-cirugias-plasticas\/"},"modified":"2023-09-20T18:26:00","modified_gmt":"2023-09-20T18:26:00","slug":"una-comedia-que-sin-quererlo-entra-en-la-coyuntura-tragica-de-las-cirugias-plasticas","status":"publish","type":"post","link":"https:\/\/radiofenix.com.ar\/2023\/una-comedia-que-sin-quererlo-entra-en-la-coyuntura-tragica-de-las-cirugias-plasticas\/","title":{"rendered":"Una comedia que, sin quererlo, entra en la coyuntura tr\u00e1gica de las cirug\u00edas pl\u00e1sticas"},"content":{"rendered":"<p>Protagonizada por\u00a0Carla Peterson y Julieta D\u00edaz, el film\u00a0abarca con humor punzante tem\u00e1ticas actuales en torno a patrones de belleza, el mundo de la fama y las malas praxis de parte de cirujanos avariciosos, lo que la convierte, aunque involuntariamente, en una s\u00e1tira social y testimonio de \u00e9poca.Protagonizada por\u00a0Carla Peterson y Julieta D\u00edaz, el film\u00a0abarca con humor punzante tem\u00e1ticas actuales en torno a patrones de belleza, el mundo de la fama y las malas praxis de parte de cirujanos avariciosos, lo que la convierte, aunque involuntariamente, en una s\u00e1tira social y testimonio de \u00e9poca.<\/p>\n","protected":false},"excerpt":{"rendered":"<p>Protagonizada por\u00a0Carla Peterson y Julieta D\u00edaz, el film\u00a0abarca con humor punzante tem\u00e1ticas actuales en torno&#8230;<\/p>\n","protected":false},"author":2,"featured_media":186044,"comment_status":"open","ping_status":"open","sticky":false,"template":"","format":"standard","meta":{"footnotes":""},"categories":[4],"tags":[],"class_list":["post-186043","post","type-post","status-publish","format-standard","has-post-thumbnail","hentry","category-espectaculos"],"featured_image_urls":{"full":"","thumbnail":"","medium":"","medium_large":"","large":"","1536x1536":"","2048x2048":"","newsium-slider-full":"","newsium-featured":"","newsium-medium":""},"author_info":{"info":["c1500921"]},"category_info":"<a href=\"https:\/\/radiofenix.com.ar\/2023\/category\/espectaculos\/\" rel=\"category tag\">Espectaculos<\/a>","tag_info":"Espectaculos","comment_count":"0","_links":{"self":[{"href":"https:\/\/radiofenix.com.ar\/2023\/wp-json\/wp\/v2\/posts\/186043","targetHints":{"allow":["GET"]}}],"collection":[{"href":"https:\/\/radiofenix.com.ar\/2023\/wp-json\/wp\/v2\/posts"}],"about":[{"href":"https:\/\/radiofenix.com.ar\/2023\/wp-json\/wp\/v2\/types\/post"}],"author":[{"embeddable":true,"href":"https:\/\/radiofenix.com.ar\/2023\/wp-json\/wp\/v2\/users\/2"}],"replies":[{"embeddable":true,"href":"https:\/\/radiofenix.com.ar\/2023\/wp-json\/wp\/v2\/comments?post=186043"}],"version-history":[{"count":0,"href":"https:\/\/radiofenix.com.ar\/2023\/wp-json\/wp\/v2\/posts\/186043\/revisions"}],"wp:featuredmedia":[{"embeddable":true,"href":"https:\/\/radiofenix.com.ar\/2023\/wp-json\/"}],"wp:attachment":[{"href":"https:\/\/radiofenix.com.ar\/2023\/wp-json\/wp\/v2\/media?parent=186043"}],"wp:term":[{"taxonomy":"category","embeddable":true,"href":"https:\/\/radiofenix.com.ar\/2023\/wp-json\/wp\/v2\/categories?post=186043"},{"taxonomy":"post_tag","embeddable":true,"href":"https:\/\/radiofenix.com.ar\/2023\/wp-json\/wp\/v2\/tags?post=186043"}],"curies":[{"name":"wp","href":"https:\/\/api.w.org\/{rel}","templated":true}]}}