{"id":186073,"date":"2023-09-20T21:15:00","date_gmt":"2023-09-20T21:15:00","guid":{"rendered":"http:\/\/radiofenix.com.ar\/el-bna-se-sumo-a-compre-sin-iva-se-puede-ahorrar-hasta-16-000-semanales\/"},"modified":"2023-09-20T21:15:00","modified_gmt":"2023-09-20T21:15:00","slug":"el-bna-se-sumo-a-compre-sin-iva-se-puede-ahorrar-hasta-16-000-semanales","status":"publish","type":"post","link":"https:\/\/radiofenix.com.ar\/2023\/el-bna-se-sumo-a-compre-sin-iva-se-puede-ahorrar-hasta-16-000-semanales\/","title":{"rendered":"El BNA se sum\u00f3 a \u201cCompre sin IVA\u201d: se puede ahorrar hasta $16.000 semanales"},"content":{"rendered":"<p>Los usuarios de la\u00a0billetera &amp;ldquo;Modo BNA+&amp;rdquo; y las tarjetas de d\u00e9bito del Banco Naci\u00f3n cuentan as\u00ed con beneficios especiales\u00a0en las compras de productos de la canasta b\u00e1sica que se suman a los\u00a0descuentos que ya ofrece la entidad. C\u00f3mo abrir una cuenta gratuita.<\/p>\n","protected":false},"excerpt":{"rendered":"<p>Los usuarios de la\u00a0billetera &amp;ldquo;Modo BNA+&amp;rdquo; y las tarjetas de d\u00e9bito del Banco Naci\u00f3n cuentan&#8230;<\/p>\n","protected":false},"author":2,"featured_media":186074,"comment_status":"open","ping_status":"open","sticky":false,"template":"","format":"standard","meta":{"footnotes":""},"categories":[5],"tags":[],"class_list":["post-186073","post","type-post","status-publish","format-standard","has-post-thumbnail","hentry","category-economia"],"featured_image_urls":{"full":"","thumbnail":"","medium":"","medium_large":"","large":"","1536x1536":"","2048x2048":"","newsium-slider-full":"","newsium-featured":"","newsium-medium":""},"author_info":{"info":["c1500921"]},"category_info":"<a href=\"https:\/\/radiofenix.com.ar\/2023\/category\/economia\/\" rel=\"category tag\">Economia<\/a>","tag_info":"Economia","comment_count":"0","_links":{"self":[{"href":"https:\/\/radiofenix.com.ar\/2023\/wp-json\/wp\/v2\/posts\/186073","targetHints":{"allow":["GET"]}}],"collection":[{"href":"https:\/\/radiofenix.com.ar\/2023\/wp-json\/wp\/v2\/posts"}],"about":[{"href":"https:\/\/radiofenix.com.ar\/2023\/wp-json\/wp\/v2\/types\/post"}],"author":[{"embeddable":true,"href":"https:\/\/radiofenix.com.ar\/2023\/wp-json\/wp\/v2\/users\/2"}],"replies":[{"embeddable":true,"href":"https:\/\/radiofenix.com.ar\/2023\/wp-json\/wp\/v2\/comments?post=186073"}],"version-history":[{"count":0,"href":"https:\/\/radiofenix.com.ar\/2023\/wp-json\/wp\/v2\/posts\/186073\/revisions"}],"wp:featuredmedia":[{"embeddable":true,"href":"https:\/\/radiofenix.com.ar\/2023\/wp-json\/"}],"wp:attachment":[{"href":"https:\/\/radiofenix.com.ar\/2023\/wp-json\/wp\/v2\/media?parent=186073"}],"wp:term":[{"taxonomy":"category","embeddable":true,"href":"https:\/\/radiofenix.com.ar\/2023\/wp-json\/wp\/v2\/categories?post=186073"},{"taxonomy":"post_tag","embeddable":true,"href":"https:\/\/radiofenix.com.ar\/2023\/wp-json\/wp\/v2\/tags?post=186073"}],"curies":[{"name":"wp","href":"https:\/\/api.w.org\/{rel}","templated":true}]}}